{"id":854,"date":"2019-12-06T13:18:17","date_gmt":"2019-12-06T12:18:17","guid":{"rendered":"http:\/\/www.lesamisdelalecture.fr\/nouveausite\/?p=854"},"modified":"2019-12-06T13:18:22","modified_gmt":"2019-12-06T12:18:22","slug":"contes-de-noel-le-11-decembre","status":"publish","type":"post","link":"http:\/\/www.lesamisdelalecture.fr\/nouveausite\/contes-de-noel-le-11-decembre\/","title":{"rendered":"Contes de No\u00ebl le 11 d\u00e9cembre"},"content":{"rendered":"<div dir=\"ltr\" data-setdir=\"false\">Voici venu le temps d&rsquo;hiver et le retour des contes de No\u00ebl \u00e0 la biblioth\u00e8que.<\/div>\n<div dir=\"ltr\" data-setdir=\"false\">Nous accueillerons les enfants de tous les \u00e2ges accompagn\u00e9s d&rsquo;un adulte, mercredi 11 d\u00e9cembre \u00e0 partir de 16h.<\/div>\n<div dir=\"ltr\" data-setdir=\"false\">Nous partagerons ensuite le go\u00fbter de No\u00ebl avec le chocolat chaud. Les g\u00e2teaux maison seront les bienvenus.<\/div>\n","protected":false},"excerpt":{"rendered":"<p>Voici venu le temps d&rsquo;hiver et le retour des contes de No\u00ebl \u00e0 la biblioth\u00e8que. Nous accueillerons les enfants de tous les \u00e2ges accompagn\u00e9s d&rsquo;un adulte, mercredi 11 d\u00e9cembre \u00e0 partir de 16h. Nous partagerons ensuite le go\u00fbter de No\u00ebl avec le chocolat chaud. Les g\u00e2teaux maison seront les bienvenus.<\/p>\n","protected":false},"author":1,"featured_media":855,"comment_status":"closed","ping_status":"open","sticky":false,"template":"","format":"standard","meta":{"footnotes":""},"categories":[2,12],"tags":[],"class_list":["post-854","post","type-post","status-publish","format-standard","has-post-thumbnail","hentry","category-actualites","category-animations"],"_links":{"self":[{"href":"http:\/\/www.lesamisdelalecture.fr\/nouveausite\/wp-json\/wp\/v2\/posts\/854","targetHints":{"allow":["GET"]}}],"collection":[{"href":"http:\/\/www.lesamisdelalecture.fr\/nouveausite\/wp-json\/wp\/v2\/posts"}],"about":[{"href":"http:\/\/www.lesamisdelalecture.fr\/nouveausite\/wp-json\/wp\/v2\/types\/post"}],"author":[{"embeddable":true,"href":"http:\/\/www.lesamisdelalecture.fr\/nouveausite\/wp-json\/wp\/v2\/users\/1"}],"replies":[{"embeddable":true,"href":"http:\/\/www.lesamisdelalecture.fr\/nouveausite\/wp-json\/wp\/v2\/comments?post=854"}],"version-history":[{"count":0,"href":"http:\/\/www.lesamisdelalecture.fr\/nouveausite\/wp-json\/wp\/v2\/posts\/854\/revisions"}],"wp:featuredmedia":[{"embeddable":true,"href":"http:\/\/www.lesamisdelalecture.fr\/nouveausite\/wp-json\/wp\/v2\/media\/855"}],"wp:attachment":[{"href":"http:\/\/www.lesamisdelalecture.fr\/nouveausite\/wp-json\/wp\/v2\/media?parent=854"}],"wp:term":[{"taxonomy":"category","embeddable":true,"href":"http:\/\/www.lesamisdelalecture.fr\/nouveausite\/wp-json\/wp\/v2\/categories?post=854"},{"taxonomy":"post_tag","embeddable":true,"href":"http:\/\/www.lesamisdelalecture.fr\/nouveausite\/wp-json\/wp\/v2\/tags?post=854"}],"curies":[{"name":"wp","href":"https:\/\/api.w.org\/{rel}","templated":true}]}}