{"id":846,"date":"2019-10-21T11:02:42","date_gmt":"2019-10-21T10:02:42","guid":{"rendered":"http:\/\/www.lesamisdelalecture.fr\/nouveausite\/?p=846"},"modified":"2019-10-21T11:02:42","modified_gmt":"2019-10-21T10:02:42","slug":"rencontre-dedicace-avec-david-barnoin-samedi-9-novembre","status":"publish","type":"post","link":"http:\/\/www.lesamisdelalecture.fr\/nouveausite\/rencontre-dedicace-avec-david-barnoin-samedi-9-novembre\/","title":{"rendered":"Rencontre-d\u00e9dicace avec David Barnoin : samedi 9 novembre"},"content":{"rendered":"<p>Nouvelle d\u00e9dicace  \u00e0 la biblioth\u00e8que le samedi 9 novembre \u00e0 11h.<br \/>\nRencontre-d\u00e9dicace avec David Barnoin anim\u00e9e par Claude Didier.<br \/>\nLe roman \u00ab\u00a0Chemin(s)\u00a0\u00bb se situe dans le massif des Trois Becs. Il m\u00eale une histoire d&rsquo;amour dramatique et l&rsquo;ascension de la Roche.<br \/>\nLa rencontre sera suivie du verre de l&rsquo;amiti\u00e9.<\/p>\n","protected":false},"excerpt":{"rendered":"<p>Nouvelle d\u00e9dicace \u00e0 la biblioth\u00e8que le samedi 9 novembre \u00e0 11h. Rencontre-d\u00e9dicace avec David Barnoin anim\u00e9e par Claude Didier. Le roman \u00ab\u00a0Chemin(s)\u00a0\u00bb se situe dans le massif des Trois Becs. Il m\u00eale une histoire d&rsquo;amour dramatique et l&rsquo;ascension de la Roche. La rencontre sera suivie du verre de l&rsquo;amiti\u00e9.<\/p>\n","protected":false},"author":1,"featured_media":847,"comment_status":"closed","ping_status":"open","sticky":false,"template":"","format":"standard","meta":{"footnotes":""},"categories":[2],"tags":[],"class_list":["post-846","post","type-post","status-publish","format-standard","has-post-thumbnail","hentry","category-actualites"],"_links":{"self":[{"href":"http:\/\/www.lesamisdelalecture.fr\/nouveausite\/wp-json\/wp\/v2\/posts\/846","targetHints":{"allow":["GET"]}}],"collection":[{"href":"http:\/\/www.lesamisdelalecture.fr\/nouveausite\/wp-json\/wp\/v2\/posts"}],"about":[{"href":"http:\/\/www.lesamisdelalecture.fr\/nouveausite\/wp-json\/wp\/v2\/types\/post"}],"author":[{"embeddable":true,"href":"http:\/\/www.lesamisdelalecture.fr\/nouveausite\/wp-json\/wp\/v2\/users\/1"}],"replies":[{"embeddable":true,"href":"http:\/\/www.lesamisdelalecture.fr\/nouveausite\/wp-json\/wp\/v2\/comments?post=846"}],"version-history":[{"count":0,"href":"http:\/\/www.lesamisdelalecture.fr\/nouveausite\/wp-json\/wp\/v2\/posts\/846\/revisions"}],"wp:featuredmedia":[{"embeddable":true,"href":"http:\/\/www.lesamisdelalecture.fr\/nouveausite\/wp-json\/wp\/v2\/media\/847"}],"wp:attachment":[{"href":"http:\/\/www.lesamisdelalecture.fr\/nouveausite\/wp-json\/wp\/v2\/media?parent=846"}],"wp:term":[{"taxonomy":"category","embeddable":true,"href":"http:\/\/www.lesamisdelalecture.fr\/nouveausite\/wp-json\/wp\/v2\/categories?post=846"},{"taxonomy":"post_tag","embeddable":true,"href":"http:\/\/www.lesamisdelalecture.fr\/nouveausite\/wp-json\/wp\/v2\/tags?post=846"}],"curies":[{"name":"wp","href":"https:\/\/api.w.org\/{rel}","templated":true}]}}