{"id":842,"date":"2019-10-19T16:55:29","date_gmt":"2019-10-19T15:55:29","guid":{"rendered":"http:\/\/www.lesamisdelalecture.fr\/nouveausite\/?p=842"},"modified":"2019-10-21T11:01:09","modified_gmt":"2019-10-21T10:01:09","slug":"lecole-maternelle-expose-du-11-octobre-au-30-novembre-2019","status":"publish","type":"post","link":"http:\/\/www.lesamisdelalecture.fr\/nouveausite\/lecole-maternelle-expose-du-11-octobre-au-30-novembre-2019\/","title":{"rendered":"L&rsquo;\u00e9cole maternelle expose du 11 octobre au 30 novembre 2019"},"content":{"rendered":"<p>Suite \u00e0 la r\u00e9sidence de <strong>Modeste Affama<\/strong> (peintre plasticien b\u00e9ninois), l&rsquo;\u00e9cole maternelle expose du 11 octobre au 30 novembre 2019.<\/p>\n<p>Modeste Affama est un artiste plasticien b\u00e9ninois, invit\u00e9 du 5 octobre au 6 novembre en Ard\u00e8che pour la 20\u00e8me \u00e9dition du Festival des solidarit\u00e9s \u00ab\u00a0Images et Paroles d&rsquo;Afrique\u00a0\u00bb.<\/p>\n<p>Les classes maternelles de Saillans l&rsquo;ont accueilli en r\u00e9sidence pendant deux jours : il a anim\u00e9 un atelier de pratiques artistiques  pendant lequel les enfants ont pu cr\u00e9er des tableaux collectifs et des masques, en utilisant parfois des mat\u00e9riaux recycl\u00e9s. Ils ont ainsi d\u00e9couvert dans ce voyage artistique les paysages, les formes et les couleurs de l&rsquo;Afrique. Ils sont fiers de pouvoir les montrer \u00e0 leur famille et au village dans une tr\u00e8s belle exposition, \u00e0 la biblioth\u00e8que de Saillans, du 11 octobre au 30 novembre.<\/p>\n","protected":false},"excerpt":{"rendered":"<p>Suite \u00e0 la r\u00e9sidence de Modeste Affama (peintre plasticien b\u00e9ninois), l&rsquo;\u00e9cole maternelle expose du 11 octobre au 30 novembre 2019. Modeste Affama est un artiste plasticien b\u00e9ninois, invit\u00e9 du 5 octobre au 6 novembre en Ard\u00e8che pour la 20\u00e8me \u00e9dition du Festival des solidarit\u00e9s \u00ab\u00a0Images et Paroles d&rsquo;Afrique\u00a0\u00bb. Les classes [&hellip;]<\/p>\n","protected":false},"author":1,"featured_media":843,"comment_status":"closed","ping_status":"open","sticky":false,"template":"","format":"standard","meta":{"footnotes":""},"categories":[11],"tags":[],"class_list":["post-842","post","type-post","status-publish","format-standard","has-post-thumbnail","hentry","category-expositions"],"_links":{"self":[{"href":"http:\/\/www.lesamisdelalecture.fr\/nouveausite\/wp-json\/wp\/v2\/posts\/842","targetHints":{"allow":["GET"]}}],"collection":[{"href":"http:\/\/www.lesamisdelalecture.fr\/nouveausite\/wp-json\/wp\/v2\/posts"}],"about":[{"href":"http:\/\/www.lesamisdelalecture.fr\/nouveausite\/wp-json\/wp\/v2\/types\/post"}],"author":[{"embeddable":true,"href":"http:\/\/www.lesamisdelalecture.fr\/nouveausite\/wp-json\/wp\/v2\/users\/1"}],"replies":[{"embeddable":true,"href":"http:\/\/www.lesamisdelalecture.fr\/nouveausite\/wp-json\/wp\/v2\/comments?post=842"}],"version-history":[{"count":0,"href":"http:\/\/www.lesamisdelalecture.fr\/nouveausite\/wp-json\/wp\/v2\/posts\/842\/revisions"}],"wp:featuredmedia":[{"embeddable":true,"href":"http:\/\/www.lesamisdelalecture.fr\/nouveausite\/wp-json\/wp\/v2\/media\/843"}],"wp:attachment":[{"href":"http:\/\/www.lesamisdelalecture.fr\/nouveausite\/wp-json\/wp\/v2\/media?parent=842"}],"wp:term":[{"taxonomy":"category","embeddable":true,"href":"http:\/\/www.lesamisdelalecture.fr\/nouveausite\/wp-json\/wp\/v2\/categories?post=842"},{"taxonomy":"post_tag","embeddable":true,"href":"http:\/\/www.lesamisdelalecture.fr\/nouveausite\/wp-json\/wp\/v2\/tags?post=842"}],"curies":[{"name":"wp","href":"https:\/\/api.w.org\/{rel}","templated":true}]}}