{"id":836,"date":"2019-09-18T13:06:08","date_gmt":"2019-09-18T12:06:08","guid":{"rendered":"http:\/\/www.lesamisdelalecture.fr\/nouveausite\/?p=836"},"modified":"2019-09-18T13:06:08","modified_gmt":"2019-09-18T12:06:08","slug":"les-lourie-de-vercheny-dedicace-samedi-5-octobre","status":"publish","type":"post","link":"http:\/\/www.lesamisdelalecture.fr\/nouveausite\/les-lourie-de-vercheny-dedicace-samedi-5-octobre\/","title":{"rendered":"Les Lourie de Vercheny &#8211; D\u00e9dicace samedi 5 octobre"},"content":{"rendered":"<p><strong>Les Lourie de Vercheny<\/strong><br \/>\n<em>Quatre cents ans de vie paysanne<\/em><\/p>\n<p>Elie Arnaud<br \/>\nFranswaz Rochette<\/p>\n<p>Editions Pwa Plum<\/p>\n<p><strong>D\u00e9dicace du livre d&rsquo;Elie Arnaud<\/strong><br \/>\n<strong>le samedi 5 octobre 2019 \u00e0 11h suivi d&rsquo;un verre de l&rsquo;amiti\u00e9<\/strong><\/p>\n","protected":false},"excerpt":{"rendered":"<p>Les Lourie de Vercheny Quatre cents ans de vie paysanne Elie Arnaud Franswaz Rochette Editions Pwa Plum D\u00e9dicace du livre d&rsquo;Elie Arnaud le samedi 5 octobre 2019 \u00e0 11h suivi d&rsquo;un verre de l&rsquo;amiti\u00e9<\/p>\n","protected":false},"author":1,"featured_media":837,"comment_status":"closed","ping_status":"open","sticky":false,"template":"","format":"standard","meta":{"footnotes":""},"categories":[2],"tags":[],"class_list":["post-836","post","type-post","status-publish","format-standard","has-post-thumbnail","hentry","category-actualites"],"_links":{"self":[{"href":"http:\/\/www.lesamisdelalecture.fr\/nouveausite\/wp-json\/wp\/v2\/posts\/836","targetHints":{"allow":["GET"]}}],"collection":[{"href":"http:\/\/www.lesamisdelalecture.fr\/nouveausite\/wp-json\/wp\/v2\/posts"}],"about":[{"href":"http:\/\/www.lesamisdelalecture.fr\/nouveausite\/wp-json\/wp\/v2\/types\/post"}],"author":[{"embeddable":true,"href":"http:\/\/www.lesamisdelalecture.fr\/nouveausite\/wp-json\/wp\/v2\/users\/1"}],"replies":[{"embeddable":true,"href":"http:\/\/www.lesamisdelalecture.fr\/nouveausite\/wp-json\/wp\/v2\/comments?post=836"}],"version-history":[{"count":0,"href":"http:\/\/www.lesamisdelalecture.fr\/nouveausite\/wp-json\/wp\/v2\/posts\/836\/revisions"}],"wp:featuredmedia":[{"embeddable":true,"href":"http:\/\/www.lesamisdelalecture.fr\/nouveausite\/wp-json\/wp\/v2\/media\/837"}],"wp:attachment":[{"href":"http:\/\/www.lesamisdelalecture.fr\/nouveausite\/wp-json\/wp\/v2\/media?parent=836"}],"wp:term":[{"taxonomy":"category","embeddable":true,"href":"http:\/\/www.lesamisdelalecture.fr\/nouveausite\/wp-json\/wp\/v2\/categories?post=836"},{"taxonomy":"post_tag","embeddable":true,"href":"http:\/\/www.lesamisdelalecture.fr\/nouveausite\/wp-json\/wp\/v2\/tags?post=836"}],"curies":[{"name":"wp","href":"https:\/\/api.w.org\/{rel}","templated":true}]}}