{"id":826,"date":"2019-06-16T07:14:44","date_gmt":"2019-06-16T06:14:44","guid":{"rendered":"http:\/\/www.lesamisdelalecture.fr\/nouveausite\/?p=826"},"modified":"2019-06-16T19:15:09","modified_gmt":"2019-06-16T18:15:09","slug":"exposition-pastels-nathalie-morel-du-21-juin-au-31-aout-2019","status":"publish","type":"post","link":"http:\/\/www.lesamisdelalecture.fr\/nouveausite\/exposition-pastels-nathalie-morel-du-21-juin-au-31-aout-2019\/","title":{"rendered":"Exposition Pastels Nathalie Morel du 21 juin au 31 ao\u00fbt 2019"},"content":{"rendered":"<p>La bibliotheque accueille l&rsquo;exposition de pastels de Nathalie Morel du 21 juin au 31 ao\u00fbt <strong>\u00ab\u00a0Esprit Pin-up et s\u00e9r\u00e9nit\u00e9 asiatique\u00a0\u00bb.<\/strong><br \/>\nPastelliste depuis 2011, elle affectionne plus particuli\u00e8rement le travail du corps et des portraits. Les tableaux pr\u00e9sent\u00e9s sont essentiellement des cr\u00e9ations.<\/p>\n","protected":false},"excerpt":{"rendered":"<p>La bibliotheque accueille l&rsquo;exposition de pastels de Nathalie Morel du 21 juin au 31 ao\u00fbt \u00ab\u00a0Esprit Pin-up et s\u00e9r\u00e9nit\u00e9 asiatique\u00a0\u00bb. Pastelliste depuis 2011, elle affectionne plus particuli\u00e8rement le travail du corps et des portraits. Les tableaux pr\u00e9sent\u00e9s sont essentiellement des cr\u00e9ations.<\/p>\n","protected":false},"author":1,"featured_media":827,"comment_status":"closed","ping_status":"open","sticky":false,"template":"","format":"standard","meta":{"footnotes":""},"categories":[11],"tags":[],"class_list":["post-826","post","type-post","status-publish","format-standard","has-post-thumbnail","hentry","category-expositions"],"_links":{"self":[{"href":"http:\/\/www.lesamisdelalecture.fr\/nouveausite\/wp-json\/wp\/v2\/posts\/826","targetHints":{"allow":["GET"]}}],"collection":[{"href":"http:\/\/www.lesamisdelalecture.fr\/nouveausite\/wp-json\/wp\/v2\/posts"}],"about":[{"href":"http:\/\/www.lesamisdelalecture.fr\/nouveausite\/wp-json\/wp\/v2\/types\/post"}],"author":[{"embeddable":true,"href":"http:\/\/www.lesamisdelalecture.fr\/nouveausite\/wp-json\/wp\/v2\/users\/1"}],"replies":[{"embeddable":true,"href":"http:\/\/www.lesamisdelalecture.fr\/nouveausite\/wp-json\/wp\/v2\/comments?post=826"}],"version-history":[{"count":0,"href":"http:\/\/www.lesamisdelalecture.fr\/nouveausite\/wp-json\/wp\/v2\/posts\/826\/revisions"}],"wp:featuredmedia":[{"embeddable":true,"href":"http:\/\/www.lesamisdelalecture.fr\/nouveausite\/wp-json\/wp\/v2\/media\/827"}],"wp:attachment":[{"href":"http:\/\/www.lesamisdelalecture.fr\/nouveausite\/wp-json\/wp\/v2\/media?parent=826"}],"wp:term":[{"taxonomy":"category","embeddable":true,"href":"http:\/\/www.lesamisdelalecture.fr\/nouveausite\/wp-json\/wp\/v2\/categories?post=826"},{"taxonomy":"post_tag","embeddable":true,"href":"http:\/\/www.lesamisdelalecture.fr\/nouveausite\/wp-json\/wp\/v2\/tags?post=826"}],"curies":[{"name":"wp","href":"https:\/\/api.w.org\/{rel}","templated":true}]}}