{"id":794,"date":"2019-01-26T18:58:42","date_gmt":"2019-01-26T17:58:42","guid":{"rendered":"http:\/\/www.lesamisdelalecture.fr\/nouveausite\/?p=794"},"modified":"2019-01-26T18:59:37","modified_gmt":"2019-01-26T17:59:37","slug":"peintures-de-michele-priva","status":"publish","type":"post","link":"http:\/\/www.lesamisdelalecture.fr\/nouveausite\/peintures-de-michele-priva\/","title":{"rendered":"Peintures de Mich\u00e8le Privat"},"content":{"rendered":"\n<p>La Biblioth\u00e8que accueille les peintures de Mich\u00e8le Privat habitante \u00e0  Die du 31 janvier au 28 f\u00e9vrier, vernissage samedi 2 f\u00e9vrier \u00e0 11h.<\/p>\n\n\n\n<figure class=\"wp-block-image\"><img loading=\"lazy\" decoding=\"async\" width=\"250\" height=\"354\" src=\"http:\/\/www.lesamisdelalecture.fr\/nouveausite\/wp-content\/uploads\/2019\/01\/250-michele-privat.jpg\" alt=\"\" class=\"wp-image-798\" srcset=\"http:\/\/www.lesamisdelalecture.fr\/nouveausite\/wp-content\/uploads\/2019\/01\/250-michele-privat.jpg 250w, http:\/\/www.lesamisdelalecture.fr\/nouveausite\/wp-content\/uploads\/2019\/01\/250-michele-privat-212x300.jpg 212w\" sizes=\"auto, (max-width: 250px) 100vw, 250px\" \/><\/figure>\n\n\n\n<p><em>\u00ab\u00a0Autodidacte, j&rsquo;aborde la peinture de mani\u00e8re tr\u00e8s instinctive peinje chercheture que je qualifie de figurative\/abstraite.<\/em><\/p>\n\n\n\n<p><em>Ma d\u00e9marche est fond\u00e9e sur l&rsquo;intuition, l&rsquo;\u00e9motion et la recherche d&rsquo;un \u00e9quilibre ; juste \u00e9voquer, sugg\u00e9rer, laisser parler les couleurs et permettre au spectateur de convoquer son imaginaire.<\/em><\/p>\n\n\n\n<p><em>En peignant je cherche \u00e0 tout prix une forme de libert\u00e9 et c&rsquo;est pour moi une mani\u00e8re d&rsquo;\u00eatre et d&rsquo;\u00eatre debout.<\/em><\/p>\n\n\n\n<p><em>Je ne suis pas un fabricant d&rsquo;images, peindre est un chemin qui ne m\u00e8ne qu&rsquo;\u00e0 soi m\u00eame \u2026 la v\u00e9ritable r\u00e9compense de l&rsquo;artiste c&rsquo;est la joie, c&rsquo;est ce partage qui m&rsquo;int\u00e9resse.<\/em><\/p>\n","protected":false},"excerpt":{"rendered":"<p>La Biblioth\u00e8que accueille les peintures de Mich\u00e8le Privat habitante \u00e0 Die du 31 janvier au 28 f\u00e9vrier, vernissage samedi 2 f\u00e9vrier \u00e0 11h. \u00ab\u00a0Autodidacte, j&rsquo;aborde la peinture de mani\u00e8re tr\u00e8s instinctive peinje chercheture que je qualifie de figurative\/abstraite. Ma d\u00e9marche est fond\u00e9e sur l&rsquo;intuition, l&rsquo;\u00e9motion et la recherche d&rsquo;un \u00e9quilibre [&hellip;]<\/p>\n","protected":false},"author":1,"featured_media":795,"comment_status":"closed","ping_status":"open","sticky":false,"template":"","format":"standard","meta":{"footnotes":""},"categories":[11],"tags":[],"class_list":["post-794","post","type-post","status-publish","format-standard","has-post-thumbnail","hentry","category-expositions"],"_links":{"self":[{"href":"http:\/\/www.lesamisdelalecture.fr\/nouveausite\/wp-json\/wp\/v2\/posts\/794","targetHints":{"allow":["GET"]}}],"collection":[{"href":"http:\/\/www.lesamisdelalecture.fr\/nouveausite\/wp-json\/wp\/v2\/posts"}],"about":[{"href":"http:\/\/www.lesamisdelalecture.fr\/nouveausite\/wp-json\/wp\/v2\/types\/post"}],"author":[{"embeddable":true,"href":"http:\/\/www.lesamisdelalecture.fr\/nouveausite\/wp-json\/wp\/v2\/users\/1"}],"replies":[{"embeddable":true,"href":"http:\/\/www.lesamisdelalecture.fr\/nouveausite\/wp-json\/wp\/v2\/comments?post=794"}],"version-history":[{"count":0,"href":"http:\/\/www.lesamisdelalecture.fr\/nouveausite\/wp-json\/wp\/v2\/posts\/794\/revisions"}],"wp:featuredmedia":[{"embeddable":true,"href":"http:\/\/www.lesamisdelalecture.fr\/nouveausite\/wp-json\/wp\/v2\/media\/795"}],"wp:attachment":[{"href":"http:\/\/www.lesamisdelalecture.fr\/nouveausite\/wp-json\/wp\/v2\/media?parent=794"}],"wp:term":[{"taxonomy":"category","embeddable":true,"href":"http:\/\/www.lesamisdelalecture.fr\/nouveausite\/wp-json\/wp\/v2\/categories?post=794"},{"taxonomy":"post_tag","embeddable":true,"href":"http:\/\/www.lesamisdelalecture.fr\/nouveausite\/wp-json\/wp\/v2\/tags?post=794"}],"curies":[{"name":"wp","href":"https:\/\/api.w.org\/{rel}","templated":true}]}}