{"id":776,"date":"2018-11-28T20:49:25","date_gmt":"2018-11-28T19:49:25","guid":{"rendered":"http:\/\/www.lesamisdelalecture.fr\/nouveausite\/?p=776"},"modified":"2018-11-28T20:49:25","modified_gmt":"2018-11-28T19:49:25","slug":"contes-de-noel-2018","status":"publish","type":"post","link":"http:\/\/www.lesamisdelalecture.fr\/nouveausite\/contes-de-noel-2018\/","title":{"rendered":"Contes de No\u00ebl 2018"},"content":{"rendered":"<p>Une tradition s&rsquo;installe \u00e0 la biblioth\u00e8que avec la deuxi\u00e8me \u00e9dition des Contes de No\u00ebl qui nous ont r\u00e9unis nombreux l&rsquo;ann\u00e9e derni\u00e8re.<br \/>\nLes enfants, petits et grands, accompagn\u00e9s d&rsquo;un adulte, sont attendus \u00e0 la biblioth\u00e8que <strong>mercredi 12 d\u00e9cembre \u00e0 16h<\/strong> pour un moment partag\u00e9 de belles histoires.<\/p>\n<p>Un petit go\u00fbter sera offert ensuite.<\/p>\n","protected":false},"excerpt":{"rendered":"<p>Une tradition s&rsquo;installe \u00e0 la biblioth\u00e8que avec la deuxi\u00e8me \u00e9dition des Contes de No\u00ebl qui nous ont r\u00e9unis nombreux l&rsquo;ann\u00e9e derni\u00e8re. Les enfants, petits et grands, accompagn\u00e9s d&rsquo;un adulte, sont attendus \u00e0 la biblioth\u00e8que mercredi 12 d\u00e9cembre \u00e0 16h pour un moment partag\u00e9 de belles histoires. Un petit go\u00fbter sera [&hellip;]<\/p>\n","protected":false},"author":1,"featured_media":777,"comment_status":"closed","ping_status":"open","sticky":false,"template":"","format":"standard","meta":{"footnotes":""},"categories":[2],"tags":[],"class_list":["post-776","post","type-post","status-publish","format-standard","has-post-thumbnail","hentry","category-actualites"],"_links":{"self":[{"href":"http:\/\/www.lesamisdelalecture.fr\/nouveausite\/wp-json\/wp\/v2\/posts\/776","targetHints":{"allow":["GET"]}}],"collection":[{"href":"http:\/\/www.lesamisdelalecture.fr\/nouveausite\/wp-json\/wp\/v2\/posts"}],"about":[{"href":"http:\/\/www.lesamisdelalecture.fr\/nouveausite\/wp-json\/wp\/v2\/types\/post"}],"author":[{"embeddable":true,"href":"http:\/\/www.lesamisdelalecture.fr\/nouveausite\/wp-json\/wp\/v2\/users\/1"}],"replies":[{"embeddable":true,"href":"http:\/\/www.lesamisdelalecture.fr\/nouveausite\/wp-json\/wp\/v2\/comments?post=776"}],"version-history":[{"count":0,"href":"http:\/\/www.lesamisdelalecture.fr\/nouveausite\/wp-json\/wp\/v2\/posts\/776\/revisions"}],"wp:featuredmedia":[{"embeddable":true,"href":"http:\/\/www.lesamisdelalecture.fr\/nouveausite\/wp-json\/wp\/v2\/media\/777"}],"wp:attachment":[{"href":"http:\/\/www.lesamisdelalecture.fr\/nouveausite\/wp-json\/wp\/v2\/media?parent=776"}],"wp:term":[{"taxonomy":"category","embeddable":true,"href":"http:\/\/www.lesamisdelalecture.fr\/nouveausite\/wp-json\/wp\/v2\/categories?post=776"},{"taxonomy":"post_tag","embeddable":true,"href":"http:\/\/www.lesamisdelalecture.fr\/nouveausite\/wp-json\/wp\/v2\/tags?post=776"}],"curies":[{"name":"wp","href":"https:\/\/api.w.org\/{rel}","templated":true}]}}