{"id":764,"date":"2018-10-28T18:20:16","date_gmt":"2018-10-28T17:20:16","guid":{"rendered":"http:\/\/www.lesamisdelalecture.fr\/nouveausite\/?p=764"},"modified":"2018-10-28T18:22:04","modified_gmt":"2018-10-28T17:22:04","slug":"exposition-photographies-de-michele-germain","status":"publish","type":"post","link":"http:\/\/www.lesamisdelalecture.fr\/nouveausite\/exposition-photographies-de-michele-germain\/","title":{"rendered":"Exposition \u00ab\u00a0Photographies de Mich\u00e8le Germain\u00a0\u00bb"},"content":{"rendered":"<p>Exposition\u00a0<strong>Photographies de Mich\u00e8le Germain : <em>Magie de l&rsquo;eau et de la nature<\/em><\/strong><\/p>\n<p>du 21 novembre 2018 au 5 janvier 2019 \u00e0 la Biblioth\u00e8que<\/p>\n<p><strong>Vernissage le vendredi 23 novembre \u00e0 17h<\/strong><\/p>\n<p><em>L\u2019eau du ruisseau, le ciel, les arbres, les feuilles jouent leur r\u00f4le au fil des saisons pour nous offrir une palette de couleurs vari\u00e9es<\/em><br \/>\n<em>Et la nature avec ses superbes paysages aux formes \u00e9tonnantes\u2026<\/em><\/p>\n<p>Mich\u00e8le Germain<br \/>\nChastel Arnaud<br \/>\nOctobre 2018<br \/>\n<a href=\"http:\/\/www.lesamisdelalecture.fr\/nouveausite\/wp-content\/uploads\/2018\/10\/photosmichel-michele-germain450.jpg\"><img loading=\"lazy\" decoding=\"async\" class=\"alignnone size-full wp-image-765\" src=\"http:\/\/www.lesamisdelalecture.fr\/nouveausite\/wp-content\/uploads\/2018\/10\/photosmichel-michele-germain450.jpg\" alt=\"\" width=\"450\" height=\"636\" srcset=\"http:\/\/www.lesamisdelalecture.fr\/nouveausite\/wp-content\/uploads\/2018\/10\/photosmichel-michele-germain450.jpg 450w, http:\/\/www.lesamisdelalecture.fr\/nouveausite\/wp-content\/uploads\/2018\/10\/photosmichel-michele-germain450-212x300.jpg 212w, http:\/\/www.lesamisdelalecture.fr\/nouveausite\/wp-content\/uploads\/2018\/10\/photosmichel-michele-germain450-300x424.jpg 300w\" sizes=\"auto, (max-width: 450px) 100vw, 450px\" \/><\/a><\/p>\n","protected":false},"excerpt":{"rendered":"<p>Exposition\u00a0Photographies de Mich\u00e8le Germain : Magie de l&rsquo;eau et de la nature du 21 novembre 2018 au 5 janvier 2019 \u00e0 la Biblioth\u00e8que Vernissage le vendredi 23 novembre \u00e0 17h L\u2019eau du ruisseau, le ciel, les arbres, les feuilles jouent leur r\u00f4le au fil des saisons pour nous offrir une [&hellip;]<\/p>\n","protected":false},"author":1,"featured_media":767,"comment_status":"closed","ping_status":"open","sticky":false,"template":"","format":"standard","meta":{"footnotes":""},"categories":[11],"tags":[],"class_list":["post-764","post","type-post","status-publish","format-standard","has-post-thumbnail","hentry","category-expositions"],"_links":{"self":[{"href":"http:\/\/www.lesamisdelalecture.fr\/nouveausite\/wp-json\/wp\/v2\/posts\/764","targetHints":{"allow":["GET"]}}],"collection":[{"href":"http:\/\/www.lesamisdelalecture.fr\/nouveausite\/wp-json\/wp\/v2\/posts"}],"about":[{"href":"http:\/\/www.lesamisdelalecture.fr\/nouveausite\/wp-json\/wp\/v2\/types\/post"}],"author":[{"embeddable":true,"href":"http:\/\/www.lesamisdelalecture.fr\/nouveausite\/wp-json\/wp\/v2\/users\/1"}],"replies":[{"embeddable":true,"href":"http:\/\/www.lesamisdelalecture.fr\/nouveausite\/wp-json\/wp\/v2\/comments?post=764"}],"version-history":[{"count":0,"href":"http:\/\/www.lesamisdelalecture.fr\/nouveausite\/wp-json\/wp\/v2\/posts\/764\/revisions"}],"wp:featuredmedia":[{"embeddable":true,"href":"http:\/\/www.lesamisdelalecture.fr\/nouveausite\/wp-json\/wp\/v2\/media\/767"}],"wp:attachment":[{"href":"http:\/\/www.lesamisdelalecture.fr\/nouveausite\/wp-json\/wp\/v2\/media?parent=764"}],"wp:term":[{"taxonomy":"category","embeddable":true,"href":"http:\/\/www.lesamisdelalecture.fr\/nouveausite\/wp-json\/wp\/v2\/categories?post=764"},{"taxonomy":"post_tag","embeddable":true,"href":"http:\/\/www.lesamisdelalecture.fr\/nouveausite\/wp-json\/wp\/v2\/tags?post=764"}],"curies":[{"name":"wp","href":"https:\/\/api.w.org\/{rel}","templated":true}]}}