{"id":692,"date":"2017-12-29T17:19:24","date_gmt":"2017-12-29T16:19:24","guid":{"rendered":"http:\/\/www.lesamisdelalecture.fr\/nouveausite\/?p=692"},"modified":"2017-12-29T17:29:39","modified_gmt":"2017-12-29T16:29:39","slug":"exposition-jacquie-grimaldi","status":"publish","type":"post","link":"http:\/\/www.lesamisdelalecture.fr\/nouveausite\/exposition-jacquie-grimaldi\/","title":{"rendered":"Exposition Jacquie Grimaldi"},"content":{"rendered":"<p>L&rsquo;exposition \u00ab\u00a0<em>Les Chemins vers l&rsquo;\u00c2me\u00a0\u00bb<\/em> est pr\u00e9sent\u00e9e\u00a0 du samedi 05 janvier au samedi 17 f\u00e9vrier aux heures d&rsquo;ouverture de la biblioth\u00e8que.<br \/>\nJacquie Grimaldi, peintre \u00e0 Romans, parle ainsi de ses oeuvres :\u00a0\u00bbMon inspiration vient de mes r\u00eaves: d&rsquo;abord un espace infini noir, puis des points lumineux qui s&rsquo;assemblent pour former des espaces, des signes, des vibrations&#8230;Chaque tableau est un chemin ouvert, une invitation au voyage.\u00a0\u00bb<\/p>\n<p>Le vernissage aura lieu le samedi 13 janvier, de 10h \u00e0 12h30, en pr\u00e9sence de l&rsquo;artiste<\/p>\n","protected":false},"excerpt":{"rendered":"<p>L&rsquo;exposition \u00ab\u00a0Les Chemins vers l&rsquo;\u00c2me\u00a0\u00bb est pr\u00e9sent\u00e9e\u00a0 du samedi 05 janvier au samedi 17 f\u00e9vrier aux heures d&rsquo;ouverture de la biblioth\u00e8que. Jacquie Grimaldi, peintre \u00e0 Romans, parle ainsi de ses oeuvres :\u00a0\u00bbMon inspiration vient de mes r\u00eaves: d&rsquo;abord un espace infini noir, puis des points lumineux qui s&rsquo;assemblent pour former [&hellip;]<\/p>\n","protected":false},"author":1,"featured_media":697,"comment_status":"closed","ping_status":"open","sticky":false,"template":"","format":"standard","meta":{"footnotes":""},"categories":[2,11],"tags":[],"class_list":["post-692","post","type-post","status-publish","format-standard","has-post-thumbnail","hentry","category-actualites","category-expositions"],"_links":{"self":[{"href":"http:\/\/www.lesamisdelalecture.fr\/nouveausite\/wp-json\/wp\/v2\/posts\/692","targetHints":{"allow":["GET"]}}],"collection":[{"href":"http:\/\/www.lesamisdelalecture.fr\/nouveausite\/wp-json\/wp\/v2\/posts"}],"about":[{"href":"http:\/\/www.lesamisdelalecture.fr\/nouveausite\/wp-json\/wp\/v2\/types\/post"}],"author":[{"embeddable":true,"href":"http:\/\/www.lesamisdelalecture.fr\/nouveausite\/wp-json\/wp\/v2\/users\/1"}],"replies":[{"embeddable":true,"href":"http:\/\/www.lesamisdelalecture.fr\/nouveausite\/wp-json\/wp\/v2\/comments?post=692"}],"version-history":[{"count":0,"href":"http:\/\/www.lesamisdelalecture.fr\/nouveausite\/wp-json\/wp\/v2\/posts\/692\/revisions"}],"wp:featuredmedia":[{"embeddable":true,"href":"http:\/\/www.lesamisdelalecture.fr\/nouveausite\/wp-json\/wp\/v2\/media\/697"}],"wp:attachment":[{"href":"http:\/\/www.lesamisdelalecture.fr\/nouveausite\/wp-json\/wp\/v2\/media?parent=692"}],"wp:term":[{"taxonomy":"category","embeddable":true,"href":"http:\/\/www.lesamisdelalecture.fr\/nouveausite\/wp-json\/wp\/v2\/categories?post=692"},{"taxonomy":"post_tag","embeddable":true,"href":"http:\/\/www.lesamisdelalecture.fr\/nouveausite\/wp-json\/wp\/v2\/tags?post=692"}],"curies":[{"name":"wp","href":"https:\/\/api.w.org\/{rel}","templated":true}]}}