{"id":603,"date":"2017-04-11T08:37:24","date_gmt":"2017-04-11T07:37:24","guid":{"rendered":"http:\/\/www.lesamisdelalecture.fr\/nouveausite\/?p=603"},"modified":"2017-04-11T08:37:53","modified_gmt":"2017-04-11T07:37:53","slug":"conference-et-visite-jardin-japonais","status":"publish","type":"post","link":"http:\/\/www.lesamisdelalecture.fr\/nouveausite\/conference-et-visite-jardin-japonais\/","title":{"rendered":"Conf\u00e9rence et visite d&rsquo;un jardin japonais"},"content":{"rendered":"<p>Printemps japonais \u00e0 la biblioth\u00e8que.<br \/>\nLe mercredi 3 mai \u00e0 15h, au jardin japonais de Beaumont-Monteux, conf\u00e9rence d&rsquo;Erik Borja, cr\u00e9ateur du jardin. Elle sera suivie d&rsquo;une visite libre de ce jardin tr\u00e8s r\u00e9put\u00e9.<br \/>\nLe prix de 15\u20ac comprend conf\u00e9rence et acc\u00e8s au jardin (prix de groupe).<br \/>\nInscriptions \u00e0 la biblioth\u00e8que avant le samedi 29 avril. Possibilit\u00e9 de co-voiturage depuis Saillans.<\/p>\n","protected":false},"excerpt":{"rendered":"<p>Printemps japonais \u00e0 la biblioth\u00e8que. Le mercredi 3 mai \u00e0 15h, au jardin japonais de Beaumont-Monteux, conf\u00e9rence d&rsquo;Erik Borja, cr\u00e9ateur du jardin. Elle sera suivie d&rsquo;une visite libre de ce jardin tr\u00e8s r\u00e9put\u00e9. Le prix de 15\u20ac comprend conf\u00e9rence et acc\u00e8s au jardin (prix de groupe). Inscriptions \u00e0 la biblioth\u00e8que [&hellip;]<\/p>\n","protected":false},"author":1,"featured_media":604,"comment_status":"closed","ping_status":"open","sticky":false,"template":"","format":"standard","meta":{"footnotes":""},"categories":[12],"tags":[],"class_list":["post-603","post","type-post","status-publish","format-standard","has-post-thumbnail","hentry","category-animations"],"_links":{"self":[{"href":"http:\/\/www.lesamisdelalecture.fr\/nouveausite\/wp-json\/wp\/v2\/posts\/603","targetHints":{"allow":["GET"]}}],"collection":[{"href":"http:\/\/www.lesamisdelalecture.fr\/nouveausite\/wp-json\/wp\/v2\/posts"}],"about":[{"href":"http:\/\/www.lesamisdelalecture.fr\/nouveausite\/wp-json\/wp\/v2\/types\/post"}],"author":[{"embeddable":true,"href":"http:\/\/www.lesamisdelalecture.fr\/nouveausite\/wp-json\/wp\/v2\/users\/1"}],"replies":[{"embeddable":true,"href":"http:\/\/www.lesamisdelalecture.fr\/nouveausite\/wp-json\/wp\/v2\/comments?post=603"}],"version-history":[{"count":0,"href":"http:\/\/www.lesamisdelalecture.fr\/nouveausite\/wp-json\/wp\/v2\/posts\/603\/revisions"}],"wp:featuredmedia":[{"embeddable":true,"href":"http:\/\/www.lesamisdelalecture.fr\/nouveausite\/wp-json\/wp\/v2\/media\/604"}],"wp:attachment":[{"href":"http:\/\/www.lesamisdelalecture.fr\/nouveausite\/wp-json\/wp\/v2\/media?parent=603"}],"wp:term":[{"taxonomy":"category","embeddable":true,"href":"http:\/\/www.lesamisdelalecture.fr\/nouveausite\/wp-json\/wp\/v2\/categories?post=603"},{"taxonomy":"post_tag","embeddable":true,"href":"http:\/\/www.lesamisdelalecture.fr\/nouveausite\/wp-json\/wp\/v2\/tags?post=603"}],"curies":[{"name":"wp","href":"https:\/\/api.w.org\/{rel}","templated":true}]}}