{"id":576,"date":"2017-02-13T15:53:07","date_gmt":"2017-02-13T14:53:07","guid":{"rendered":"http:\/\/www.lesamisdelalecture.fr\/nouveausite\/?p=576"},"modified":"2017-02-13T15:56:06","modified_gmt":"2017-02-13T14:56:06","slug":"printemps-des-poetes-2","status":"publish","type":"post","link":"http:\/\/www.lesamisdelalecture.fr\/nouveausite\/printemps-des-poetes-2\/","title":{"rendered":"Printemps des po\u00e8tes"},"content":{"rendered":"<p>Le printemps des po\u00e8tes 2017 est consacr\u00e9 \u00e0 la po\u00e9sie africaine. Tout un continent d&rsquo;auteurs \u00e0 d\u00e9couvrir.<br \/>\nLe samedi 25 mars \u00e0 17h \u00e0 la biblioth\u00e8que, retrouvons-nous pour lire et \u00e9couter des po\u00e8mes. Des interm\u00e8des musicaux par Doro Dimanta viendront ponctuer les lectures.<\/p>\n","protected":false},"excerpt":{"rendered":"<p>Le printemps des po\u00e8tes 2017 est consacr\u00e9 \u00e0 la po\u00e9sie africaine. Tout un continent d&rsquo;auteurs \u00e0 d\u00e9couvrir. Le samedi 25 mars \u00e0 17h \u00e0 la biblioth\u00e8que, retrouvons-nous pour lire et \u00e9couter des po\u00e8mes. Des interm\u00e8des musicaux par Doro Dimanta viendront ponctuer les lectures.<\/p>\n","protected":false},"author":1,"featured_media":577,"comment_status":"closed","ping_status":"open","sticky":false,"template":"","format":"standard","meta":{"footnotes":""},"categories":[12],"tags":[],"class_list":["post-576","post","type-post","status-publish","format-standard","has-post-thumbnail","hentry","category-animations"],"_links":{"self":[{"href":"http:\/\/www.lesamisdelalecture.fr\/nouveausite\/wp-json\/wp\/v2\/posts\/576","targetHints":{"allow":["GET"]}}],"collection":[{"href":"http:\/\/www.lesamisdelalecture.fr\/nouveausite\/wp-json\/wp\/v2\/posts"}],"about":[{"href":"http:\/\/www.lesamisdelalecture.fr\/nouveausite\/wp-json\/wp\/v2\/types\/post"}],"author":[{"embeddable":true,"href":"http:\/\/www.lesamisdelalecture.fr\/nouveausite\/wp-json\/wp\/v2\/users\/1"}],"replies":[{"embeddable":true,"href":"http:\/\/www.lesamisdelalecture.fr\/nouveausite\/wp-json\/wp\/v2\/comments?post=576"}],"version-history":[{"count":0,"href":"http:\/\/www.lesamisdelalecture.fr\/nouveausite\/wp-json\/wp\/v2\/posts\/576\/revisions"}],"wp:featuredmedia":[{"embeddable":true,"href":"http:\/\/www.lesamisdelalecture.fr\/nouveausite\/wp-json\/wp\/v2\/media\/577"}],"wp:attachment":[{"href":"http:\/\/www.lesamisdelalecture.fr\/nouveausite\/wp-json\/wp\/v2\/media?parent=576"}],"wp:term":[{"taxonomy":"category","embeddable":true,"href":"http:\/\/www.lesamisdelalecture.fr\/nouveausite\/wp-json\/wp\/v2\/categories?post=576"},{"taxonomy":"post_tag","embeddable":true,"href":"http:\/\/www.lesamisdelalecture.fr\/nouveausite\/wp-json\/wp\/v2\/tags?post=576"}],"curies":[{"name":"wp","href":"https:\/\/api.w.org\/{rel}","templated":true}]}}