{"id":571,"date":"2017-01-18T09:54:55","date_gmt":"2017-01-18T08:54:55","guid":{"rendered":"http:\/\/www.lesamisdelalecture.fr\/nouveausite\/?p=571"},"modified":"2017-01-18T10:24:23","modified_gmt":"2017-01-18T09:24:23","slug":"assemblee-generale-2","status":"publish","type":"post","link":"http:\/\/www.lesamisdelalecture.fr\/nouveausite\/assemblee-generale-2\/","title":{"rendered":"Assembl\u00e9e g\u00e9n\u00e9rale"},"content":{"rendered":"<p>Le mercredi 1er f\u00e9vrier \u00e0 18h se tiendra l&rsquo;assembl\u00e9e g\u00e9n\u00e9rale de l&rsquo;association \u00ab\u00a0Les amis de la lecture\u00a0\u00bb, association qui g\u00e8re la biblioth\u00e8que. C&rsquo;est l&rsquo;occasion annuelle de se retrouver, de parler de l&rsquo;ann\u00e9e \u00e9coul\u00e9e et de parler des projets. <\/p>\n","protected":false},"excerpt":{"rendered":"<p>Le mercredi 1er f\u00e9vrier \u00e0 18h se tiendra l&rsquo;assembl\u00e9e g\u00e9n\u00e9rale de l&rsquo;association \u00ab\u00a0Les amis de la lecture\u00a0\u00bb, association qui g\u00e8re la biblioth\u00e8que. C&rsquo;est l&rsquo;occasion annuelle de se retrouver, de parler de l&rsquo;ann\u00e9e \u00e9coul\u00e9e et de parler des projets.<\/p>\n","protected":false},"author":1,"featured_media":0,"comment_status":"closed","ping_status":"open","sticky":false,"template":"","format":"standard","meta":{"footnotes":""},"categories":[2],"tags":[],"class_list":["post-571","post","type-post","status-publish","format-standard","hentry","category-actualites"],"_links":{"self":[{"href":"http:\/\/www.lesamisdelalecture.fr\/nouveausite\/wp-json\/wp\/v2\/posts\/571","targetHints":{"allow":["GET"]}}],"collection":[{"href":"http:\/\/www.lesamisdelalecture.fr\/nouveausite\/wp-json\/wp\/v2\/posts"}],"about":[{"href":"http:\/\/www.lesamisdelalecture.fr\/nouveausite\/wp-json\/wp\/v2\/types\/post"}],"author":[{"embeddable":true,"href":"http:\/\/www.lesamisdelalecture.fr\/nouveausite\/wp-json\/wp\/v2\/users\/1"}],"replies":[{"embeddable":true,"href":"http:\/\/www.lesamisdelalecture.fr\/nouveausite\/wp-json\/wp\/v2\/comments?post=571"}],"version-history":[{"count":0,"href":"http:\/\/www.lesamisdelalecture.fr\/nouveausite\/wp-json\/wp\/v2\/posts\/571\/revisions"}],"wp:attachment":[{"href":"http:\/\/www.lesamisdelalecture.fr\/nouveausite\/wp-json\/wp\/v2\/media?parent=571"}],"wp:term":[{"taxonomy":"category","embeddable":true,"href":"http:\/\/www.lesamisdelalecture.fr\/nouveausite\/wp-json\/wp\/v2\/categories?post=571"},{"taxonomy":"post_tag","embeddable":true,"href":"http:\/\/www.lesamisdelalecture.fr\/nouveausite\/wp-json\/wp\/v2\/tags?post=571"}],"curies":[{"name":"wp","href":"https:\/\/api.w.org\/{rel}","templated":true}]}}