{"id":564,"date":"2016-12-30T17:06:09","date_gmt":"2016-12-30T16:06:09","guid":{"rendered":"http:\/\/www.lesamisdelalecture.fr\/nouveausite\/?p=564"},"modified":"2016-12-30T17:09:36","modified_gmt":"2016-12-30T16:09:36","slug":"tapis-de-lecture-les-couleurs","status":"publish","type":"post","link":"http:\/\/www.lesamisdelalecture.fr\/nouveausite\/tapis-de-lecture-les-couleurs\/","title":{"rendered":"Tapis de lecture \u00ab\u00a0Les Couleurs\u00a0\u00bb"},"content":{"rendered":"<p>Pour les tout petits jusqu&rsquo;\u00e0 6 ans accompagn\u00e9s d&rsquo;un adulte, une balade dans les albums au gr\u00e9 d&rsquo;une d\u00e9ambulation sur le tapis de lecture \u00ab\u00a0les couleurs\u00a0\u00bb. Les mercredis 18 et 25 janvier \u00e0 9h30.<\/p>\n","protected":false},"excerpt":{"rendered":"<p>Pour les tout petits jusqu&rsquo;\u00e0 6 ans accompagn\u00e9s d&rsquo;un adulte, une balade dans les albums au gr\u00e9 d&rsquo;une d\u00e9ambulation sur le tapis de lecture \u00ab\u00a0les couleurs\u00a0\u00bb. Les mercredis 18 et 25 janvier \u00e0 9h30.<\/p>\n","protected":false},"author":1,"featured_media":565,"comment_status":"closed","ping_status":"open","sticky":false,"template":"","format":"standard","meta":{"footnotes":""},"categories":[12],"tags":[],"class_list":["post-564","post","type-post","status-publish","format-standard","has-post-thumbnail","hentry","category-animations"],"_links":{"self":[{"href":"http:\/\/www.lesamisdelalecture.fr\/nouveausite\/wp-json\/wp\/v2\/posts\/564","targetHints":{"allow":["GET"]}}],"collection":[{"href":"http:\/\/www.lesamisdelalecture.fr\/nouveausite\/wp-json\/wp\/v2\/posts"}],"about":[{"href":"http:\/\/www.lesamisdelalecture.fr\/nouveausite\/wp-json\/wp\/v2\/types\/post"}],"author":[{"embeddable":true,"href":"http:\/\/www.lesamisdelalecture.fr\/nouveausite\/wp-json\/wp\/v2\/users\/1"}],"replies":[{"embeddable":true,"href":"http:\/\/www.lesamisdelalecture.fr\/nouveausite\/wp-json\/wp\/v2\/comments?post=564"}],"version-history":[{"count":0,"href":"http:\/\/www.lesamisdelalecture.fr\/nouveausite\/wp-json\/wp\/v2\/posts\/564\/revisions"}],"wp:featuredmedia":[{"embeddable":true,"href":"http:\/\/www.lesamisdelalecture.fr\/nouveausite\/wp-json\/wp\/v2\/media\/565"}],"wp:attachment":[{"href":"http:\/\/www.lesamisdelalecture.fr\/nouveausite\/wp-json\/wp\/v2\/media?parent=564"}],"wp:term":[{"taxonomy":"category","embeddable":true,"href":"http:\/\/www.lesamisdelalecture.fr\/nouveausite\/wp-json\/wp\/v2\/categories?post=564"},{"taxonomy":"post_tag","embeddable":true,"href":"http:\/\/www.lesamisdelalecture.fr\/nouveausite\/wp-json\/wp\/v2\/tags?post=564"}],"curies":[{"name":"wp","href":"https:\/\/api.w.org\/{rel}","templated":true}]}}