{"id":557,"date":"2016-12-23T17:03:51","date_gmt":"2016-12-23T16:03:51","guid":{"rendered":"http:\/\/www.lesamisdelalecture.fr\/nouveausite\/?p=557"},"modified":"2016-12-30T17:08:16","modified_gmt":"2016-12-30T16:08:16","slug":"nuit-de-la-lecture","status":"publish","type":"post","link":"http:\/\/www.lesamisdelalecture.fr\/nouveausite\/nuit-de-la-lecture\/","title":{"rendered":"Nuit de la lecture"},"content":{"rendered":"<p>Le minist\u00e8re de la culture invite les biblioth\u00e8ques et librairies \u00e0 ouvrir plus tard le samedi 14 janvier pour une premi\u00e8re \u00ab\u00a0Nuit de la lecture\u00a0\u00bb. La biblioth\u00e8que de Saillans vous propose \u00e0 17h un tapis de lecture pour les moins de 6 ans accompagn\u00e9s de leurs parents. A 20h se sont les adultes qui prendront possession de la biblioth\u00e8que pour une rencontre au cours de laquelle chacun lira des extraits de son choix pour faire d\u00e9couvrir ses coups de coeurs. Avec la participation de l&rsquo;association \u00ab\u00a0L&rsquo;envolire\u00a0\u00bb.  <\/p>\n","protected":false},"excerpt":{"rendered":"<p>Le minist\u00e8re de la culture invite les biblioth\u00e8ques et librairies \u00e0 ouvrir plus tard le samedi 14 janvier pour une premi\u00e8re \u00ab\u00a0Nuit de la lecture\u00a0\u00bb. La biblioth\u00e8que de Saillans vous propose \u00e0 17h un tapis de lecture pour les moins de 6 ans accompagn\u00e9s de leurs parents. A 20h se [&hellip;]<\/p>\n","protected":false},"author":1,"featured_media":558,"comment_status":"closed","ping_status":"open","sticky":false,"template":"","format":"standard","meta":{"footnotes":""},"categories":[12],"tags":[],"class_list":["post-557","post","type-post","status-publish","format-standard","has-post-thumbnail","hentry","category-animations"],"_links":{"self":[{"href":"http:\/\/www.lesamisdelalecture.fr\/nouveausite\/wp-json\/wp\/v2\/posts\/557","targetHints":{"allow":["GET"]}}],"collection":[{"href":"http:\/\/www.lesamisdelalecture.fr\/nouveausite\/wp-json\/wp\/v2\/posts"}],"about":[{"href":"http:\/\/www.lesamisdelalecture.fr\/nouveausite\/wp-json\/wp\/v2\/types\/post"}],"author":[{"embeddable":true,"href":"http:\/\/www.lesamisdelalecture.fr\/nouveausite\/wp-json\/wp\/v2\/users\/1"}],"replies":[{"embeddable":true,"href":"http:\/\/www.lesamisdelalecture.fr\/nouveausite\/wp-json\/wp\/v2\/comments?post=557"}],"version-history":[{"count":0,"href":"http:\/\/www.lesamisdelalecture.fr\/nouveausite\/wp-json\/wp\/v2\/posts\/557\/revisions"}],"wp:featuredmedia":[{"embeddable":true,"href":"http:\/\/www.lesamisdelalecture.fr\/nouveausite\/wp-json\/wp\/v2\/media\/558"}],"wp:attachment":[{"href":"http:\/\/www.lesamisdelalecture.fr\/nouveausite\/wp-json\/wp\/v2\/media?parent=557"}],"wp:term":[{"taxonomy":"category","embeddable":true,"href":"http:\/\/www.lesamisdelalecture.fr\/nouveausite\/wp-json\/wp\/v2\/categories?post=557"},{"taxonomy":"post_tag","embeddable":true,"href":"http:\/\/www.lesamisdelalecture.fr\/nouveausite\/wp-json\/wp\/v2\/tags?post=557"}],"curies":[{"name":"wp","href":"https:\/\/api.w.org\/{rel}","templated":true}]}}