{"id":549,"date":"2016-12-01T17:02:32","date_gmt":"2016-12-01T16:02:32","guid":{"rendered":"http:\/\/www.lesamisdelalecture.fr\/nouveausite\/?p=549"},"modified":"2016-12-01T17:02:32","modified_gmt":"2016-12-01T16:02:32","slug":"exposition-de-maryline-savel","status":"publish","type":"post","link":"http:\/\/www.lesamisdelalecture.fr\/nouveausite\/exposition-de-maryline-savel\/","title":{"rendered":"Exposition de Maryline Savel"},"content":{"rendered":"<p>Du 1er au 30 d\u00e9cembre, Maryline Savel expose ses peintures \u00e0 la biblioth\u00e8que.<br \/>\n\u00ab\u00a0Lorsque j&rsquo;\u00e9tais adolescente, ma grand-tante travaillait dans une mission en Australie&#8230; Elle nous \u00e9crivait de longues lettres accompagn\u00e9es de cartes postales &#8230; Je me suis int\u00e9ress\u00e9e vite \u00e0 cette culture, leur mode de vie et leur peinture. Sans avoir jamais fait le voyage, je me sens tr\u00e8s proche d&rsquo;eux. C&rsquo;est un peuple pacifique, tol\u00e9rant, pour moi exemple d&rsquo;humanit\u00e9.<br \/>\nDans les ann\u00e9es 90 j&rsquo;ai commenc\u00e9 \u00e0 reproduire sur des galets les cartes postales qu&rsquo;elle m&rsquo;envoyait. J&rsquo;ai aussi travaill\u00e9 sur des \u00e9corces, des bois flott\u00e9s. C&rsquo;est en 2010 que j&rsquo;ai r\u00e9alis\u00e9 mon premier tableau sur toile, un mandala- soleil.<br \/>\nCe travail d&rsquo;inspiration aborig\u00e8ne est pour moi une forme de m\u00e9ditation; il m&rsquo;apaise, me ressource; le geste vient de l&rsquo;int\u00e9rieur. Mes tableaux repr\u00e9sentent une partie tr\u00e8s primitive de moi-m\u00eame.\u00a0\u00bb<\/p>\n","protected":false},"excerpt":{"rendered":"<p>Du 1er au 30 d\u00e9cembre, Maryline Savel expose ses peintures \u00e0 la biblioth\u00e8que. \u00ab\u00a0Lorsque j&rsquo;\u00e9tais adolescente, ma grand-tante travaillait dans une mission en Australie&#8230; Elle nous \u00e9crivait de longues lettres accompagn\u00e9es de cartes postales &#8230; Je me suis int\u00e9ress\u00e9e vite \u00e0 cette culture, leur mode de vie et leur peinture. [&hellip;]<\/p>\n","protected":false},"author":1,"featured_media":550,"comment_status":"closed","ping_status":"open","sticky":false,"template":"","format":"standard","meta":{"footnotes":""},"categories":[11],"tags":[],"class_list":["post-549","post","type-post","status-publish","format-standard","has-post-thumbnail","hentry","category-expositions"],"_links":{"self":[{"href":"http:\/\/www.lesamisdelalecture.fr\/nouveausite\/wp-json\/wp\/v2\/posts\/549","targetHints":{"allow":["GET"]}}],"collection":[{"href":"http:\/\/www.lesamisdelalecture.fr\/nouveausite\/wp-json\/wp\/v2\/posts"}],"about":[{"href":"http:\/\/www.lesamisdelalecture.fr\/nouveausite\/wp-json\/wp\/v2\/types\/post"}],"author":[{"embeddable":true,"href":"http:\/\/www.lesamisdelalecture.fr\/nouveausite\/wp-json\/wp\/v2\/users\/1"}],"replies":[{"embeddable":true,"href":"http:\/\/www.lesamisdelalecture.fr\/nouveausite\/wp-json\/wp\/v2\/comments?post=549"}],"version-history":[{"count":0,"href":"http:\/\/www.lesamisdelalecture.fr\/nouveausite\/wp-json\/wp\/v2\/posts\/549\/revisions"}],"wp:featuredmedia":[{"embeddable":true,"href":"http:\/\/www.lesamisdelalecture.fr\/nouveausite\/wp-json\/wp\/v2\/media\/550"}],"wp:attachment":[{"href":"http:\/\/www.lesamisdelalecture.fr\/nouveausite\/wp-json\/wp\/v2\/media?parent=549"}],"wp:term":[{"taxonomy":"category","embeddable":true,"href":"http:\/\/www.lesamisdelalecture.fr\/nouveausite\/wp-json\/wp\/v2\/categories?post=549"},{"taxonomy":"post_tag","embeddable":true,"href":"http:\/\/www.lesamisdelalecture.fr\/nouveausite\/wp-json\/wp\/v2\/tags?post=549"}],"curies":[{"name":"wp","href":"https:\/\/api.w.org\/{rel}","templated":true}]}}