{"id":484,"date":"2016-04-21T09:57:23","date_gmt":"2016-04-21T08:57:23","guid":{"rendered":"http:\/\/www.lesamisdelalecture.fr\/nouveausite\/?p=484"},"modified":"2016-04-21T09:57:23","modified_gmt":"2016-04-21T08:57:23","slug":"festival-latino","status":"publish","type":"post","link":"http:\/\/www.lesamisdelalecture.fr\/nouveausite\/festival-latino\/","title":{"rendered":"Festival latino"},"content":{"rendered":"<p>Jeudi 5 mai et samedi 7 mai, \u00e0 15h, \u00e0 l&rsquo;Oignon, les b\u00e9n\u00e9voles de la biblioth\u00e8que liront aux enfants des albums en espagnol et en fran\u00e7ais. Pour \u00e9couter chanter la langue espagnole.<\/p>\n","protected":false},"excerpt":{"rendered":"<p>Jeudi 5 mai et samedi 7 mai, \u00e0 15h, \u00e0 l&rsquo;Oignon, les b\u00e9n\u00e9voles de la biblioth\u00e8que liront aux enfants des albums en espagnol et en fran\u00e7ais. Pour \u00e9couter chanter la langue espagnole.<\/p>\n","protected":false},"author":1,"featured_media":485,"comment_status":"closed","ping_status":"open","sticky":false,"template":"","format":"standard","meta":{"footnotes":""},"categories":[12],"tags":[],"class_list":["post-484","post","type-post","status-publish","format-standard","has-post-thumbnail","hentry","category-animations"],"_links":{"self":[{"href":"http:\/\/www.lesamisdelalecture.fr\/nouveausite\/wp-json\/wp\/v2\/posts\/484","targetHints":{"allow":["GET"]}}],"collection":[{"href":"http:\/\/www.lesamisdelalecture.fr\/nouveausite\/wp-json\/wp\/v2\/posts"}],"about":[{"href":"http:\/\/www.lesamisdelalecture.fr\/nouveausite\/wp-json\/wp\/v2\/types\/post"}],"author":[{"embeddable":true,"href":"http:\/\/www.lesamisdelalecture.fr\/nouveausite\/wp-json\/wp\/v2\/users\/1"}],"replies":[{"embeddable":true,"href":"http:\/\/www.lesamisdelalecture.fr\/nouveausite\/wp-json\/wp\/v2\/comments?post=484"}],"version-history":[{"count":0,"href":"http:\/\/www.lesamisdelalecture.fr\/nouveausite\/wp-json\/wp\/v2\/posts\/484\/revisions"}],"wp:featuredmedia":[{"embeddable":true,"href":"http:\/\/www.lesamisdelalecture.fr\/nouveausite\/wp-json\/wp\/v2\/media\/485"}],"wp:attachment":[{"href":"http:\/\/www.lesamisdelalecture.fr\/nouveausite\/wp-json\/wp\/v2\/media?parent=484"}],"wp:term":[{"taxonomy":"category","embeddable":true,"href":"http:\/\/www.lesamisdelalecture.fr\/nouveausite\/wp-json\/wp\/v2\/categories?post=484"},{"taxonomy":"post_tag","embeddable":true,"href":"http:\/\/www.lesamisdelalecture.fr\/nouveausite\/wp-json\/wp\/v2\/tags?post=484"}],"curies":[{"name":"wp","href":"https:\/\/api.w.org\/{rel}","templated":true}]}}