{"id":452,"date":"2016-03-07T16:21:16","date_gmt":"2016-03-07T15:21:16","guid":{"rendered":"http:\/\/www.lesamisdelalecture.fr\/nouveausite\/?p=452"},"modified":"2016-03-07T16:21:16","modified_gmt":"2016-03-07T15:21:16","slug":"printemps-des-poetes","status":"publish","type":"post","link":"http:\/\/www.lesamisdelalecture.fr\/nouveausite\/printemps-des-poetes\/","title":{"rendered":"Printemps des po\u00e8tes"},"content":{"rendered":"<p>Le samedi 19 mars \u00e0 17h, venez \u00e9couter ou lire des po\u00e8mes \u00e0 la biblioth\u00e8que. Cette ann\u00e9e la printemps des po\u00e8tes c\u00e9l\u00e8bre la po\u00e9sie du 20\u00e8me si\u00e8cle. Vaste programme, vaste choix de lectures.<br \/>\nUn pot de l&rsquo;amiti\u00e9 cl\u00f4turera cette apr\u00e8s-midi.<\/p>\n","protected":false},"excerpt":{"rendered":"<p>Le samedi 19 mars \u00e0 17h, venez \u00e9couter ou lire des po\u00e8mes \u00e0 la biblioth\u00e8que. Cette ann\u00e9e la printemps des po\u00e8tes c\u00e9l\u00e8bre la po\u00e9sie du 20\u00e8me si\u00e8cle. Vaste programme, vaste choix de lectures. Un pot de l&rsquo;amiti\u00e9 cl\u00f4turera cette apr\u00e8s-midi.<\/p>\n","protected":false},"author":1,"featured_media":453,"comment_status":"closed","ping_status":"open","sticky":false,"template":"","format":"standard","meta":{"footnotes":""},"categories":[12],"tags":[],"class_list":["post-452","post","type-post","status-publish","format-standard","has-post-thumbnail","hentry","category-animations"],"_links":{"self":[{"href":"http:\/\/www.lesamisdelalecture.fr\/nouveausite\/wp-json\/wp\/v2\/posts\/452","targetHints":{"allow":["GET"]}}],"collection":[{"href":"http:\/\/www.lesamisdelalecture.fr\/nouveausite\/wp-json\/wp\/v2\/posts"}],"about":[{"href":"http:\/\/www.lesamisdelalecture.fr\/nouveausite\/wp-json\/wp\/v2\/types\/post"}],"author":[{"embeddable":true,"href":"http:\/\/www.lesamisdelalecture.fr\/nouveausite\/wp-json\/wp\/v2\/users\/1"}],"replies":[{"embeddable":true,"href":"http:\/\/www.lesamisdelalecture.fr\/nouveausite\/wp-json\/wp\/v2\/comments?post=452"}],"version-history":[{"count":0,"href":"http:\/\/www.lesamisdelalecture.fr\/nouveausite\/wp-json\/wp\/v2\/posts\/452\/revisions"}],"wp:featuredmedia":[{"embeddable":true,"href":"http:\/\/www.lesamisdelalecture.fr\/nouveausite\/wp-json\/wp\/v2\/media\/453"}],"wp:attachment":[{"href":"http:\/\/www.lesamisdelalecture.fr\/nouveausite\/wp-json\/wp\/v2\/media?parent=452"}],"wp:term":[{"taxonomy":"category","embeddable":true,"href":"http:\/\/www.lesamisdelalecture.fr\/nouveausite\/wp-json\/wp\/v2\/categories?post=452"},{"taxonomy":"post_tag","embeddable":true,"href":"http:\/\/www.lesamisdelalecture.fr\/nouveausite\/wp-json\/wp\/v2\/tags?post=452"}],"curies":[{"name":"wp","href":"https:\/\/api.w.org\/{rel}","templated":true}]}}