{"id":440,"date":"2016-01-18T16:49:33","date_gmt":"2016-01-18T15:49:33","guid":{"rendered":"http:\/\/www.lesamisdelalecture.fr\/nouveausite\/?p=440"},"modified":"2016-02-03T14:23:31","modified_gmt":"2016-02-03T13:23:31","slug":"table-ronde-21-fevrier-a-18h-salle-polyvalente","status":"publish","type":"post","link":"http:\/\/www.lesamisdelalecture.fr\/nouveausite\/table-ronde-21-fevrier-a-18h-salle-polyvalente\/","title":{"rendered":"Table ronde 21 f\u00e9vrier \u00e0 18h salle polyvalente"},"content":{"rendered":"<p>\u00ab\u00a0Ceci n&rsquo;est pas pour mon public !\u00a0\u00bb<br \/>\nLass\u00e9e d&rsquo;entendre cette phrase devant des propositions de cr\u00e9ations contemporaines et d\u00e9sireuse de combattre certaines id\u00e9es re\u00e7ues, la compagnie \u00ab\u00a0la Muse errante\u00a0\u00bb propose une table ronde sur l&rsquo;art contemporain avec la participation de plasticiens.<br \/>\nLa biblioth\u00e8que est heureuse de l&rsquo;accueillir le dimanche 21 f\u00e9vrier \u00e0 18h, salle polyvalente.<br \/>\nEntr\u00e9e libre.<\/p>\n","protected":false},"excerpt":{"rendered":"<p>\u00ab\u00a0Ceci n&rsquo;est pas pour mon public !\u00a0\u00bb Lass\u00e9e d&rsquo;entendre cette phrase devant des propositions de cr\u00e9ations contemporaines et d\u00e9sireuse de combattre certaines id\u00e9es re\u00e7ues, la compagnie \u00ab\u00a0la Muse errante\u00a0\u00bb propose une table ronde sur l&rsquo;art contemporain avec la participation de plasticiens. La biblioth\u00e8que est heureuse de l&rsquo;accueillir le dimanche 21 [&hellip;]<\/p>\n","protected":false},"author":1,"featured_media":446,"comment_status":"closed","ping_status":"open","sticky":false,"template":"","format":"standard","meta":{"footnotes":""},"categories":[12],"tags":[],"class_list":["post-440","post","type-post","status-publish","format-standard","has-post-thumbnail","hentry","category-animations"],"_links":{"self":[{"href":"http:\/\/www.lesamisdelalecture.fr\/nouveausite\/wp-json\/wp\/v2\/posts\/440","targetHints":{"allow":["GET"]}}],"collection":[{"href":"http:\/\/www.lesamisdelalecture.fr\/nouveausite\/wp-json\/wp\/v2\/posts"}],"about":[{"href":"http:\/\/www.lesamisdelalecture.fr\/nouveausite\/wp-json\/wp\/v2\/types\/post"}],"author":[{"embeddable":true,"href":"http:\/\/www.lesamisdelalecture.fr\/nouveausite\/wp-json\/wp\/v2\/users\/1"}],"replies":[{"embeddable":true,"href":"http:\/\/www.lesamisdelalecture.fr\/nouveausite\/wp-json\/wp\/v2\/comments?post=440"}],"version-history":[{"count":0,"href":"http:\/\/www.lesamisdelalecture.fr\/nouveausite\/wp-json\/wp\/v2\/posts\/440\/revisions"}],"wp:featuredmedia":[{"embeddable":true,"href":"http:\/\/www.lesamisdelalecture.fr\/nouveausite\/wp-json\/wp\/v2\/media\/446"}],"wp:attachment":[{"href":"http:\/\/www.lesamisdelalecture.fr\/nouveausite\/wp-json\/wp\/v2\/media?parent=440"}],"wp:term":[{"taxonomy":"category","embeddable":true,"href":"http:\/\/www.lesamisdelalecture.fr\/nouveausite\/wp-json\/wp\/v2\/categories?post=440"},{"taxonomy":"post_tag","embeddable":true,"href":"http:\/\/www.lesamisdelalecture.fr\/nouveausite\/wp-json\/wp\/v2\/tags?post=440"}],"curies":[{"name":"wp","href":"https:\/\/api.w.org\/{rel}","templated":true}]}}