{"id":4031,"date":"2021-03-01T19:49:23","date_gmt":"2021-03-01T18:49:23","guid":{"rendered":"http:\/\/www.lesamisdelalecture.fr\/nouveausite\/?p=4031"},"modified":"2021-03-01T19:49:23","modified_gmt":"2021-03-01T18:49:23","slug":"un-conte-a-loreille-cest-simple-comme-un-coup-de-fil","status":"publish","type":"post","link":"http:\/\/www.lesamisdelalecture.fr\/nouveausite\/un-conte-a-loreille-cest-simple-comme-un-coup-de-fil\/","title":{"rendered":"Un conte \u00e0 l&rsquo;oreille&#8230; c&rsquo;est simple comme un coup de fil !"},"content":{"rendered":"<p><a href=\"http:\/\/www.lesamisdelalecture.fr\/nouveausite\/wp-content\/uploads\/2021\/03\/316telephone-conte.jpg\"><img loading=\"lazy\" decoding=\"async\" src=\"http:\/\/www.lesamisdelalecture.fr\/nouveausite\/wp-content\/uploads\/2021\/03\/316telephone-conte.jpg\" alt=\"\" class=\"alignnone size-full wp-image-4032\" width=\"316\" height=\"237\" srcset=\"http:\/\/www.lesamisdelalecture.fr\/nouveausite\/wp-content\/uploads\/2021\/03\/316telephone-conte.jpg 316w, http:\/\/www.lesamisdelalecture.fr\/nouveausite\/wp-content\/uploads\/2021\/03\/316telephone-conte-300x225.jpg 300w\" sizes=\"auto, (max-width: 316px) 100vw, 316px\" \/><\/a><\/p>\n<p>En attendant de pouvoir accueillir le public pour des spectacles, les m\u00e9diath\u00e8ques d\u00e9partementales vous donnent rdv&#8230; par t\u00e9l\u00e9phone !<\/p>\n<p>La m\u00e9diath\u00e8que d\u00e9partementale a imagin\u00e9 une exp\u00e9rience insolite, test\u00e9e avec succ\u00e8s pendant les Nuits de la lecture en janvier et donc renouvel\u00e9e pendant tout le mois de mars.<\/p>\n<p>Avec la complicit\u00e9 des conteuses dr\u00f4moises Virginie Komaniecki, Mathilde Arnaud et Carole Joffrin, les contes viennent \u00e0 vous&#8230;<\/p>\n<p><strong>Un conte \u00e0 l&rsquo;oreille&#8230; c&rsquo;est simple comme un coup de fil !<\/strong><br \/>\n&#8211; vous appelez le <strong>06 85 21 89 37<\/strong><br \/>\n&#8211; vous choisissez un horaire de rendez-vous, pour <strong>vendredi 5, 12, 19 ou 26 mars, de 18 h 30 \u00e0 21 h (cr\u00e9neaux d&rsquo;1\/2h)<\/strong><br \/>\n&#8211; vous laissez votre num\u00e9ro de t\u00e9l\u00e9phone<br \/>\n&#8211; vous vous rendez disponible \u00e0 l&rsquo;horaire convenu, vous vous installez confortablement et vous attendez l&rsquo;appel de la conteuse&#8230; D\u00e9crochez et tendez l&rsquo;oreille !<\/p>\n<p>Une proposition \u00e0 d\u00e9guster seul(e) ou \u00e0 plusieurs. Familles bienvenues (enfants \u00e0 partir de 5 ans).<br \/>\nN&rsquo;h\u00e9sitez pas \u00e0 profiter de ce dispositif et \u00e0 en parler autour de vous !<\/p>\n","protected":false},"excerpt":{"rendered":"<p>En attendant de pouvoir accueillir le public pour des spectacles, les m\u00e9diath\u00e8ques d\u00e9partementales vous donnent rdv&#8230; par t\u00e9l\u00e9phone ! La m\u00e9diath\u00e8que d\u00e9partementale a imagin\u00e9 une exp\u00e9rience insolite, test\u00e9e avec succ\u00e8s pendant les Nuits de la lecture en janvier et donc renouvel\u00e9e pendant tout le mois de mars. Avec la complicit\u00e9 [&hellip;]<\/p>\n","protected":false},"author":1,"featured_media":4032,"comment_status":"closed","ping_status":"open","sticky":false,"template":"","format":"standard","meta":{"footnotes":""},"categories":[2],"tags":[],"class_list":["post-4031","post","type-post","status-publish","format-standard","has-post-thumbnail","hentry","category-actualites"],"_links":{"self":[{"href":"http:\/\/www.lesamisdelalecture.fr\/nouveausite\/wp-json\/wp\/v2\/posts\/4031","targetHints":{"allow":["GET"]}}],"collection":[{"href":"http:\/\/www.lesamisdelalecture.fr\/nouveausite\/wp-json\/wp\/v2\/posts"}],"about":[{"href":"http:\/\/www.lesamisdelalecture.fr\/nouveausite\/wp-json\/wp\/v2\/types\/post"}],"author":[{"embeddable":true,"href":"http:\/\/www.lesamisdelalecture.fr\/nouveausite\/wp-json\/wp\/v2\/users\/1"}],"replies":[{"embeddable":true,"href":"http:\/\/www.lesamisdelalecture.fr\/nouveausite\/wp-json\/wp\/v2\/comments?post=4031"}],"version-history":[{"count":0,"href":"http:\/\/www.lesamisdelalecture.fr\/nouveausite\/wp-json\/wp\/v2\/posts\/4031\/revisions"}],"wp:featuredmedia":[{"embeddable":true,"href":"http:\/\/www.lesamisdelalecture.fr\/nouveausite\/wp-json\/wp\/v2\/media\/4032"}],"wp:attachment":[{"href":"http:\/\/www.lesamisdelalecture.fr\/nouveausite\/wp-json\/wp\/v2\/media?parent=4031"}],"wp:term":[{"taxonomy":"category","embeddable":true,"href":"http:\/\/www.lesamisdelalecture.fr\/nouveausite\/wp-json\/wp\/v2\/categories?post=4031"},{"taxonomy":"post_tag","embeddable":true,"href":"http:\/\/www.lesamisdelalecture.fr\/nouveausite\/wp-json\/wp\/v2\/tags?post=4031"}],"curies":[{"name":"wp","href":"https:\/\/api.w.org\/{rel}","templated":true}]}}