{"id":2934,"date":"2021-02-16T11:38:33","date_gmt":"2021-02-16T10:38:33","guid":{"rendered":"http:\/\/www.lesamisdelalecture.fr\/nouveausite\/?p=2934"},"modified":"2021-02-16T11:39:05","modified_gmt":"2021-02-16T10:39:05","slug":"compte-rendu-de-lassemblee-generale-du-13-fevrier-2021","status":"publish","type":"post","link":"http:\/\/www.lesamisdelalecture.fr\/nouveausite\/compte-rendu-de-lassemblee-generale-du-13-fevrier-2021\/","title":{"rendered":"Compte-rendu de l&rsquo;Assembl\u00e9e G\u00e9n\u00e9rale du 13 f\u00e9vrier 2021"},"content":{"rendered":"<p><a href=\"http:\/\/www.lesamisdelalecture.fr\/nouveausite\/wp-content\/uploads\/2021\/02\/1070-ag-biblio-saillans2021.jpg\"><img loading=\"lazy\" decoding=\"async\" src=\"http:\/\/www.lesamisdelalecture.fr\/nouveausite\/wp-content\/uploads\/2021\/02\/1070-ag-biblio-saillans2021.jpg\" alt=\"\" class=\"alignnone size-full wp-image-2935\" width=\"1070\" height=\"713\" srcset=\"http:\/\/www.lesamisdelalecture.fr\/nouveausite\/wp-content\/uploads\/2021\/02\/1070-ag-biblio-saillans2021.jpg 1070w, http:\/\/www.lesamisdelalecture.fr\/nouveausite\/wp-content\/uploads\/2021\/02\/1070-ag-biblio-saillans2021-300x200.jpg 300w, http:\/\/www.lesamisdelalecture.fr\/nouveausite\/wp-content\/uploads\/2021\/02\/1070-ag-biblio-saillans2021-1024x682.jpg 1024w, http:\/\/www.lesamisdelalecture.fr\/nouveausite\/wp-content\/uploads\/2021\/02\/1070-ag-biblio-saillans2021-768x512.jpg 768w, http:\/\/www.lesamisdelalecture.fr\/nouveausite\/wp-content\/uploads\/2021\/02\/1070-ag-biblio-saillans2021-360x240.jpg 360w\" sizes=\"auto, (max-width: 1070px) 100vw, 1070px\" \/><\/a><\/p>\n<p><strong>ASSEMBLEE GENERALE 13 FEVRIER 2021<br \/>\nLES AMIS DE LA LECTURE SAILLANS<\/strong><\/p>\n<p>L\u2019assembl\u00e9e g\u00e9n\u00e9rale de l\u2019association Les Amis de la Lecture s\u2019est tenue \u00e0 la salle polyvalente \u00e0 Saillans samedi 13 f\u00e9vrier \u00e0 15h dans le respect des consignes sanitaires. 12 personnes \u00e9taient pr\u00e9sentes et 21 pouvoirs ont \u00e9t\u00e9 enregistr\u00e9s qui repr\u00e9sentaient les adh\u00e9rents absents. La pr\u00e9sidente Marianne van Tuijl-Rajot s\u2019est f\u00e9licit\u00e9e que l\u2019association ait pu tenir son AG en public malgr\u00e9 les circonstances.<br \/>\nElle a fait le rapport moral de l\u2019ann\u00e9e 2020, fortement impact\u00e9e par la crise sanitaire. En effet la biblioth\u00e8que a \u00e9t\u00e9 ferm\u00e9e pendant deux mois, les classes ont arr\u00eat\u00e9 leur visites depuis mars 2020 et une partie des adh\u00e9rents, par crainte de la contagion ne sont pas revenus. Mais ce n\u2019est pas un effondrement et on peut dire que les grands efforts de l\u2019\u00e9quipe des 22 b\u00e9n\u00e9voles a maintenu au mieux le service de lecture.<br \/>\nLe Conseil d\u2019Administration va passer \u00e0 9 membres apr\u00e8s \u00e9lection de 4 nouveaux membres.<\/p>\n<a href=\"\/nouveausite\/images\/2021\/pdf\/Rapport_moral-activite2020.pdf\" class=\"su-button su-button-style-default\" style=\"color:#FFFFFF;background-color:#2D89EF;border-color:#246ec0;border-radius:5px\" target=\"_self\"><span style=\"color:#FFFFFF;padding:0px 16px;font-size:13px;line-height:26px;border-color:#6cadf4;border-radius:5px;text-shadow:none\"> T\u00e9l\u00e9chargez le rapport moral et d&rsquo;activit\u00e9 2020<\/span><\/a>\n<p>Les cotisations des lecteurs et les subventions municipales de Saillans et des communes environnantes (V\u00e9ronne, Saint Sauveur, La Chaudi\u00e8re, Espenel, Aurel et Aubenasson) permettent le bon fonctionnement de la biblioth\u00e8que: essentiellement des achats de livres (environ 1000 euros par an) et du mat\u00e9riel informatique cette ann\u00e9e.<\/p>\n<p>L\u2019impossibilit\u00e9 de recevoir les groupes d\u2019enfants des \u00e9coles et de la cr\u00e8che a conduit les b\u00e9n\u00e9voles \u00e0 remplacer ces visites par des pr\u00eats de livres (des bacs sont transport\u00e9s par les services techniques et les livres sont consult\u00e9s en classe uniquement).<br \/>\nDe fa\u00e7on g\u00e9n\u00e9rale les pr\u00eats ont baiss\u00e9 malgr\u00e9 la rigueur de gestion de la question sanitaire \u00e0 la biblioth\u00e8que. Les livres retourn\u00e9s sont plac\u00e9s trois jours en d\u00e9contamination et remis en rayon seulement apr\u00e8s. Les lectures sur place ne sont pas possibles en ce moment afin de limiter le nombre de personnes ensemble dans le lieu. La biblioth\u00e8que esp\u00e8re que la tendance va s\u2019inverser, la M\u00e9diath\u00e8que de Crest observe le m\u00eame ph\u00e9nom\u00e8ne.<\/p>\n<p>Le bilan financier pr\u00e9sent\u00e9 par le tr\u00e9sorier est en \u00e9quilibre. Le budget pr\u00e9visionnel garde l\u2019espoir que la situation va se r\u00e9tablir et que toutes les activit\u00e9s, surtout l\u2019accueil des enfants et des adultes et les animations, vont reprendre et se d\u00e9velopper.Pour l\u2019ann\u00e9e 2020 le b\u00e9n\u00e9volat a \u00e9t\u00e9 d\u2019environ 1000 heures, en baisse lui aussi \u00e0 cause des r\u00e9ductions de permanence.L\u2019\u00e9quipe des b\u00e9n\u00e9voles accueille 5 nouvelles personnes en 2021, (deux personnes ont quitt\u00e9 la biblioth\u00e8que).<br \/>\nL\u2019assembl\u00e9e G\u00e9n\u00e9rale affirme la volont\u00e9 de la biblioth\u00e8que de tout mettre en \u0153uvre pour favoriser l\u2019offre de lecture pour tous \u00e0 Saillans.<\/p>\n<p>Une nouveaut\u00e9 du d\u00e9but 2021: le site internet des Amis de la lecture a fait peau neuve et permet maintenant de consulter le catalogue de la biblioth\u00e8que en ligne. Un nouveau service qui permet de d\u00e9couvrir le fonds et de r\u00e9server en ligne avant de retirer les commandes \u00e0 la biblioth\u00e8que pendant les permanences.<\/p>\n","protected":false},"excerpt":{"rendered":"<p>ASSEMBLEE GENERALE 13 FEVRIER 2021 LES AMIS DE LA LECTURE SAILLANS L\u2019assembl\u00e9e g\u00e9n\u00e9rale de l\u2019association Les Amis de la Lecture s\u2019est tenue \u00e0 la salle polyvalente \u00e0 Saillans samedi 13 f\u00e9vrier \u00e0 15h dans le respect des consignes sanitaires. 12 personnes \u00e9taient pr\u00e9sentes et 21 pouvoirs ont \u00e9t\u00e9 enregistr\u00e9s qui [&hellip;]<\/p>\n","protected":false},"author":1,"featured_media":2935,"comment_status":"closed","ping_status":"open","sticky":false,"template":"","format":"standard","meta":{"footnotes":""},"categories":[16],"tags":[],"class_list":["post-2934","post","type-post","status-publish","format-standard","has-post-thumbnail","hentry","category-vie-de-lassociation"],"_links":{"self":[{"href":"http:\/\/www.lesamisdelalecture.fr\/nouveausite\/wp-json\/wp\/v2\/posts\/2934","targetHints":{"allow":["GET"]}}],"collection":[{"href":"http:\/\/www.lesamisdelalecture.fr\/nouveausite\/wp-json\/wp\/v2\/posts"}],"about":[{"href":"http:\/\/www.lesamisdelalecture.fr\/nouveausite\/wp-json\/wp\/v2\/types\/post"}],"author":[{"embeddable":true,"href":"http:\/\/www.lesamisdelalecture.fr\/nouveausite\/wp-json\/wp\/v2\/users\/1"}],"replies":[{"embeddable":true,"href":"http:\/\/www.lesamisdelalecture.fr\/nouveausite\/wp-json\/wp\/v2\/comments?post=2934"}],"version-history":[{"count":0,"href":"http:\/\/www.lesamisdelalecture.fr\/nouveausite\/wp-json\/wp\/v2\/posts\/2934\/revisions"}],"wp:featuredmedia":[{"embeddable":true,"href":"http:\/\/www.lesamisdelalecture.fr\/nouveausite\/wp-json\/wp\/v2\/media\/2935"}],"wp:attachment":[{"href":"http:\/\/www.lesamisdelalecture.fr\/nouveausite\/wp-json\/wp\/v2\/media?parent=2934"}],"wp:term":[{"taxonomy":"category","embeddable":true,"href":"http:\/\/www.lesamisdelalecture.fr\/nouveausite\/wp-json\/wp\/v2\/categories?post=2934"},{"taxonomy":"post_tag","embeddable":true,"href":"http:\/\/www.lesamisdelalecture.fr\/nouveausite\/wp-json\/wp\/v2\/tags?post=2934"}],"curies":[{"name":"wp","href":"https:\/\/api.w.org\/{rel}","templated":true}]}}