{"id":241,"date":"2015-05-13T16:53:23","date_gmt":"2015-05-13T15:53:23","guid":{"rendered":"http:\/\/www.lesamisdelalecture.fr\/nouveausite\/?p=241"},"modified":"2015-05-14T16:00:53","modified_gmt":"2015-05-14T15:00:53","slug":"exposition-adeline-robesco","status":"publish","type":"post","link":"http:\/\/www.lesamisdelalecture.fr\/nouveausite\/exposition-adeline-robesco\/","title":{"rendered":"Exposition Adeline Rebesco"},"content":{"rendered":"<p style=\"text-align: left;\">Adeline Rebesco, artiste saillansonne, expose ses tableaux \u00e0 la biblioth\u00e8que jusqu&rsquo;au 11 juin 2015.<br \/>\nSon travail est \u00ab\u00a0na\u00eff\u00a0\u00bb dans le sens qu&rsquo;elle peint le quotidien.<\/p>\n<p style=\"text-align: left;\"><!--more--><\/p>\n<p style=\"text-align: left;\">L\u00e0, le quotidien est celui du mouvement du corps arr\u00eat\u00e9; regard dans des visages statiques, quelques fois surpris devant la face de l&rsquo;humanit\u00e9, quelques fois vide de sens.<br \/>\n\u00ab\u00a0Dans le silence de mon esprit, un univers de portraits apparait sous ma main qui leur donne forme\u00a0\u00bb.<\/p>\n","protected":false},"excerpt":{"rendered":"<p>Adeline Rebesco, artiste saillansonne, expose ses tableaux \u00e0 la biblioth\u00e8que jusqu&rsquo;au 11 juin 2015. Son travail est \u00ab\u00a0na\u00eff\u00a0\u00bb dans le sens qu&rsquo;elle peint le quotidien.<\/p>\n","protected":false},"author":1,"featured_media":266,"comment_status":"closed","ping_status":"open","sticky":false,"template":"","format":"standard","meta":{"footnotes":""},"categories":[11],"tags":[],"class_list":["post-241","post","type-post","status-publish","format-standard","has-post-thumbnail","hentry","category-expositions"],"_links":{"self":[{"href":"http:\/\/www.lesamisdelalecture.fr\/nouveausite\/wp-json\/wp\/v2\/posts\/241","targetHints":{"allow":["GET"]}}],"collection":[{"href":"http:\/\/www.lesamisdelalecture.fr\/nouveausite\/wp-json\/wp\/v2\/posts"}],"about":[{"href":"http:\/\/www.lesamisdelalecture.fr\/nouveausite\/wp-json\/wp\/v2\/types\/post"}],"author":[{"embeddable":true,"href":"http:\/\/www.lesamisdelalecture.fr\/nouveausite\/wp-json\/wp\/v2\/users\/1"}],"replies":[{"embeddable":true,"href":"http:\/\/www.lesamisdelalecture.fr\/nouveausite\/wp-json\/wp\/v2\/comments?post=241"}],"version-history":[{"count":0,"href":"http:\/\/www.lesamisdelalecture.fr\/nouveausite\/wp-json\/wp\/v2\/posts\/241\/revisions"}],"wp:featuredmedia":[{"embeddable":true,"href":"http:\/\/www.lesamisdelalecture.fr\/nouveausite\/wp-json\/wp\/v2\/media\/266"}],"wp:attachment":[{"href":"http:\/\/www.lesamisdelalecture.fr\/nouveausite\/wp-json\/wp\/v2\/media?parent=241"}],"wp:term":[{"taxonomy":"category","embeddable":true,"href":"http:\/\/www.lesamisdelalecture.fr\/nouveausite\/wp-json\/wp\/v2\/categories?post=241"},{"taxonomy":"post_tag","embeddable":true,"href":"http:\/\/www.lesamisdelalecture.fr\/nouveausite\/wp-json\/wp\/v2\/tags?post=241"}],"curies":[{"name":"wp","href":"https:\/\/api.w.org\/{rel}","templated":true}]}}