{"id":20849,"date":"2024-02-08T18:05:54","date_gmt":"2024-02-08T17:05:54","guid":{"rendered":"http:\/\/www.lesamisdelalecture.fr\/nouveausite\/?p=20849"},"modified":"2024-02-08T18:05:55","modified_gmt":"2024-02-08T17:05:55","slug":"expo-mathieu-pauget-du-7-fevrier-au-27-mars-2024","status":"publish","type":"post","link":"http:\/\/www.lesamisdelalecture.fr\/nouveausite\/expo-mathieu-pauget-du-7-fevrier-au-27-mars-2024\/","title":{"rendered":"Expo Mathieu Pauget du 7 f\u00e9vrier au 27 mars 2024"},"content":{"rendered":"\n<p>La biblioth\u00e8que vous invite \u00e0 venir voir les \u0153uvres de l&rsquo;artiste illustrateur saillanson Mathieu Pauget<br>Vernissage \u00e0 la biblioth\u00e8que le jeudi 22 f\u00e9vrier de 18h00 \u00e0 19h00<\/p>\n\n\n\n<figure class=\"wp-block-image size-full\"><a href=\"http:\/\/www.lesamisdelalecture.fr\/nouveausite\/wp-content\/uploads\/2024\/02\/450affichePauget.jpg\"><img loading=\"lazy\" decoding=\"async\" width=\"450\" height=\"636\" src=\"http:\/\/www.lesamisdelalecture.fr\/nouveausite\/wp-content\/uploads\/2024\/02\/450affichePauget.jpg\" alt=\"\" class=\"wp-image-20850\" srcset=\"http:\/\/www.lesamisdelalecture.fr\/nouveausite\/wp-content\/uploads\/2024\/02\/450affichePauget.jpg 450w, http:\/\/www.lesamisdelalecture.fr\/nouveausite\/wp-content\/uploads\/2024\/02\/450affichePauget-212x300.jpg 212w\" sizes=\"auto, (max-width: 450px) 100vw, 450px\" \/><\/a><\/figure>\n\n\n\n<p><em>Mon travail se concentre sur la cr\u00e9ation de sc\u00e8nes hors du temps, des instants suspendus dans lesquels je compile, manipule et assemble des images glan\u00e9es au fil des ann\u00e9es.<\/em><\/p>\n\n\n\n<p><em>Je fonctionne beaucoup \u00e0 l\u2019intuition et \u00e0 l\u2019impulsion, j\u2019ai besoin d\u2019avoir un choc, d&rsquo;\u00eatre intrigu\u00e9 face \u00e0 une image pour pouvoir extrapoler et projeter par-dessus mon univers, en y introduisant une part d\u2019onirisme et d\u2019inqui\u00e9tante \u00e9tranget\u00e9.<\/em><\/p>\n\n\n\n<p><em>J\u2019aime placer le spectateur \u00e0 la fois en-dehors et en dedans de la sc\u00e8ne.<\/em><\/p>\n\n\n\n<p><em>Il contemple la sc\u00e8ne, tout en se projetant dans le pass\u00e9 et le futur des protagonistes qu\u2019il observe. Que s\u2019est il pass\u00e9 ? Que va t\u2019il se passer ?<\/em><\/p>\n","protected":false},"excerpt":{"rendered":"<p>La biblioth\u00e8que vexpose des \u0153uvres de  l&rsquo;artiste illustrateur saillanson Mathieu Pauget.<\/p>\n","protected":false},"author":1,"featured_media":20851,"comment_status":"closed","ping_status":"open","sticky":false,"template":"","format":"standard","meta":{"footnotes":""},"categories":[2,11],"tags":[],"class_list":["post-20849","post","type-post","status-publish","format-standard","has-post-thumbnail","hentry","category-actualites","category-expositions"],"_links":{"self":[{"href":"http:\/\/www.lesamisdelalecture.fr\/nouveausite\/wp-json\/wp\/v2\/posts\/20849","targetHints":{"allow":["GET"]}}],"collection":[{"href":"http:\/\/www.lesamisdelalecture.fr\/nouveausite\/wp-json\/wp\/v2\/posts"}],"about":[{"href":"http:\/\/www.lesamisdelalecture.fr\/nouveausite\/wp-json\/wp\/v2\/types\/post"}],"author":[{"embeddable":true,"href":"http:\/\/www.lesamisdelalecture.fr\/nouveausite\/wp-json\/wp\/v2\/users\/1"}],"replies":[{"embeddable":true,"href":"http:\/\/www.lesamisdelalecture.fr\/nouveausite\/wp-json\/wp\/v2\/comments?post=20849"}],"version-history":[{"count":0,"href":"http:\/\/www.lesamisdelalecture.fr\/nouveausite\/wp-json\/wp\/v2\/posts\/20849\/revisions"}],"wp:featuredmedia":[{"embeddable":true,"href":"http:\/\/www.lesamisdelalecture.fr\/nouveausite\/wp-json\/wp\/v2\/media\/20851"}],"wp:attachment":[{"href":"http:\/\/www.lesamisdelalecture.fr\/nouveausite\/wp-json\/wp\/v2\/media?parent=20849"}],"wp:term":[{"taxonomy":"category","embeddable":true,"href":"http:\/\/www.lesamisdelalecture.fr\/nouveausite\/wp-json\/wp\/v2\/categories?post=20849"},{"taxonomy":"post_tag","embeddable":true,"href":"http:\/\/www.lesamisdelalecture.fr\/nouveausite\/wp-json\/wp\/v2\/tags?post=20849"}],"curies":[{"name":"wp","href":"https:\/\/api.w.org\/{rel}","templated":true}]}}