{"id":20801,"date":"2023-03-27T17:17:34","date_gmt":"2023-03-27T16:17:34","guid":{"rendered":"http:\/\/www.lesamisdelalecture.fr\/nouveausite\/?p=20801"},"modified":"2023-03-27T17:17:34","modified_gmt":"2023-03-27T16:17:34","slug":"echange-de-livres-le-23-mars-2023","status":"publish","type":"post","link":"http:\/\/www.lesamisdelalecture.fr\/nouveausite\/echange-de-livres-le-23-mars-2023\/","title":{"rendered":"Echange de livres le 23 mars 2023"},"content":{"rendered":"\n<p>L&rsquo;\u00e9quipe de b\u00e9n\u00e9voles s&rsquo;est mobilis\u00e9e pour rendre une partie des livres emprunt\u00e9s \u00e0 la m\u00e9diath\u00e8que de Crest. <\/p>\n\n\n\n<p>Nous avons repris pr\u00e8s de 550 livres de tous les genres. Les amateurs de BD de tous les \u00e2ges vont trouver de quoi bouquiner. <\/p>\n\n\n\n<p>Nous avons pens\u00e9 aux tout petits, aux jeunes lecteurs mais aussi aux adultes. <\/p>\n\n\n\n<p>Venez d\u00e9couvrir notre choix et profiter de nos nouveaux horaires avec l&rsquo;ouverture le jeudi de 16h30 \u00e0 18h30.<\/p>\n\n\n\n<figure class=\"wp-block-image size-full\"><a href=\"http:\/\/www.lesamisdelalecture.fr\/nouveausite\/wp-content\/uploads\/2023\/03\/950-EchangeMDD_20230323_2.jpg\"><img loading=\"lazy\" decoding=\"async\" width=\"535\" height=\"950\" src=\"http:\/\/www.lesamisdelalecture.fr\/nouveausite\/wp-content\/uploads\/2023\/03\/950-EchangeMDD_20230323_2.jpg\" alt=\"\" class=\"wp-image-20802\" srcset=\"http:\/\/www.lesamisdelalecture.fr\/nouveausite\/wp-content\/uploads\/2023\/03\/950-EchangeMDD_20230323_2.jpg 535w, http:\/\/www.lesamisdelalecture.fr\/nouveausite\/wp-content\/uploads\/2023\/03\/950-EchangeMDD_20230323_2-169x300.jpg 169w\" sizes=\"auto, (max-width: 535px) 100vw, 535px\" \/><\/a><\/figure>\n\n\n\n<figure class=\"wp-block-image size-full\"><a href=\"http:\/\/www.lesamisdelalecture.fr\/nouveausite\/wp-content\/uploads\/2023\/03\/950-EchangeMDD_20230323_1.jpg\"><img loading=\"lazy\" decoding=\"async\" width=\"950\" height=\"535\" src=\"http:\/\/www.lesamisdelalecture.fr\/nouveausite\/wp-content\/uploads\/2023\/03\/950-EchangeMDD_20230323_1.jpg\" alt=\"\" class=\"wp-image-20803\" srcset=\"http:\/\/www.lesamisdelalecture.fr\/nouveausite\/wp-content\/uploads\/2023\/03\/950-EchangeMDD_20230323_1.jpg 950w, http:\/\/www.lesamisdelalecture.fr\/nouveausite\/wp-content\/uploads\/2023\/03\/950-EchangeMDD_20230323_1-300x169.jpg 300w, http:\/\/www.lesamisdelalecture.fr\/nouveausite\/wp-content\/uploads\/2023\/03\/950-EchangeMDD_20230323_1-768x433.jpg 768w\" sizes=\"auto, (max-width: 950px) 100vw, 950px\" \/><\/a><\/figure>\n","protected":false},"excerpt":{"rendered":"<p>550 nouveaux livres de tous genres, pour les tout petits comme les plus grands.<\/p>\n","protected":false},"author":1,"featured_media":20803,"comment_status":"closed","ping_status":"open","sticky":false,"template":"","format":"standard","meta":{"footnotes":""},"categories":[10],"tags":[],"class_list":["post-20801","post","type-post","status-publish","format-standard","has-post-thumbnail","hentry","category-informations"],"_links":{"self":[{"href":"http:\/\/www.lesamisdelalecture.fr\/nouveausite\/wp-json\/wp\/v2\/posts\/20801","targetHints":{"allow":["GET"]}}],"collection":[{"href":"http:\/\/www.lesamisdelalecture.fr\/nouveausite\/wp-json\/wp\/v2\/posts"}],"about":[{"href":"http:\/\/www.lesamisdelalecture.fr\/nouveausite\/wp-json\/wp\/v2\/types\/post"}],"author":[{"embeddable":true,"href":"http:\/\/www.lesamisdelalecture.fr\/nouveausite\/wp-json\/wp\/v2\/users\/1"}],"replies":[{"embeddable":true,"href":"http:\/\/www.lesamisdelalecture.fr\/nouveausite\/wp-json\/wp\/v2\/comments?post=20801"}],"version-history":[{"count":0,"href":"http:\/\/www.lesamisdelalecture.fr\/nouveausite\/wp-json\/wp\/v2\/posts\/20801\/revisions"}],"wp:featuredmedia":[{"embeddable":true,"href":"http:\/\/www.lesamisdelalecture.fr\/nouveausite\/wp-json\/wp\/v2\/media\/20803"}],"wp:attachment":[{"href":"http:\/\/www.lesamisdelalecture.fr\/nouveausite\/wp-json\/wp\/v2\/media?parent=20801"}],"wp:term":[{"taxonomy":"category","embeddable":true,"href":"http:\/\/www.lesamisdelalecture.fr\/nouveausite\/wp-json\/wp\/v2\/categories?post=20801"},{"taxonomy":"post_tag","embeddable":true,"href":"http:\/\/www.lesamisdelalecture.fr\/nouveausite\/wp-json\/wp\/v2\/tags?post=20801"}],"curies":[{"name":"wp","href":"https:\/\/api.w.org\/{rel}","templated":true}]}}