{"id":20789,"date":"2023-03-07T16:45:43","date_gmt":"2023-03-07T15:45:43","guid":{"rendered":"http:\/\/www.lesamisdelalecture.fr\/nouveausite\/?p=20789"},"modified":"2023-03-07T16:45:44","modified_gmt":"2023-03-07T15:45:44","slug":"25e-printemps-des-poetes-a-saillans","status":"publish","type":"post","link":"http:\/\/www.lesamisdelalecture.fr\/nouveausite\/25e-printemps-des-poetes-a-saillans\/","title":{"rendered":"25e Printemps des po\u00e8tes \u00e0 Saillans"},"content":{"rendered":"\n<p><strong>25e Printemps des po\u00e8tes \u00e0 la biblioth\u00e8que de Saillans<\/strong><\/p>\n\n\n\n<p><strong>Vendredi 24 mars \u00e0 partir de 17h<\/strong><br>Venez partager vos po\u00e8mes et vos lectures avec les \u00e9l\u00e8ves de l&rsquo;\u00e9cole.<br><em>\u00ab\u00a0Ces fronti\u00e8res que l&rsquo;on ne cesse de franchir, du petit jour \u00e0 minuit, de l&rsquo;enfance au lendemain, du visible au cach\u00e9, de la mort \u00e0 la vie, du r\u00e9el \u00e0 la po\u00e9sie.\u00a0\u00bb<\/em><\/p>\n\n\n\n<blockquote class=\"wp-block-quote is-layout-flow wp-block-quote-is-layout-flow\"><p><a href=\"https:\/\/www.printempsdespoetes.com\/Edition2023\" target=\"_blank\" rel=\"noreferrer noopener\">Visitez le site officiel de l&rsquo;\u00e9dition 2013 du \u00ab\u00a0Printemps des po\u00e8tes\u00a0\u00bb<\/a><\/p><\/blockquote>\n\n\n\n<figure class=\"wp-block-image size-full\"><a href=\"http:\/\/www.lesamisdelalecture.fr\/nouveausite\/wp-content\/uploads\/2023\/03\/450-Aff-printemps-Saillans.jpg\"><img loading=\"lazy\" decoding=\"async\" width=\"450\" height=\"668\" src=\"http:\/\/www.lesamisdelalecture.fr\/nouveausite\/wp-content\/uploads\/2023\/03\/450-Aff-printemps-Saillans.jpg\" alt=\"\" class=\"wp-image-20791\" srcset=\"http:\/\/www.lesamisdelalecture.fr\/nouveausite\/wp-content\/uploads\/2023\/03\/450-Aff-printemps-Saillans.jpg 450w, http:\/\/www.lesamisdelalecture.fr\/nouveausite\/wp-content\/uploads\/2023\/03\/450-Aff-printemps-Saillans-202x300.jpg 202w\" sizes=\"auto, (max-width: 450px) 100vw, 450px\" \/><\/a><\/figure>\n","protected":false},"excerpt":{"rendered":"<p>25e Printemps des po\u00e8tes \u00e0 la biblioth\u00e8que de Saillans Vendredi 24 mars \u00e0 partir de 17hVenez partager vos po\u00e8mes et vos lectures avec les \u00e9l\u00e8ves de l&rsquo;\u00e9cole.\u00ab\u00a0Ces fronti\u00e8res que l&rsquo;on ne cesse de franchir, du petit jour \u00e0 minuit, de l&rsquo;enfance au lendemain, du visible au cach\u00e9, de la mort [&hellip;]<\/p>\n","protected":false},"author":1,"featured_media":20790,"comment_status":"closed","ping_status":"open","sticky":false,"template":"","format":"standard","meta":{"footnotes":""},"categories":[2,12],"tags":[],"class_list":["post-20789","post","type-post","status-publish","format-standard","has-post-thumbnail","hentry","category-actualites","category-animations"],"_links":{"self":[{"href":"http:\/\/www.lesamisdelalecture.fr\/nouveausite\/wp-json\/wp\/v2\/posts\/20789","targetHints":{"allow":["GET"]}}],"collection":[{"href":"http:\/\/www.lesamisdelalecture.fr\/nouveausite\/wp-json\/wp\/v2\/posts"}],"about":[{"href":"http:\/\/www.lesamisdelalecture.fr\/nouveausite\/wp-json\/wp\/v2\/types\/post"}],"author":[{"embeddable":true,"href":"http:\/\/www.lesamisdelalecture.fr\/nouveausite\/wp-json\/wp\/v2\/users\/1"}],"replies":[{"embeddable":true,"href":"http:\/\/www.lesamisdelalecture.fr\/nouveausite\/wp-json\/wp\/v2\/comments?post=20789"}],"version-history":[{"count":0,"href":"http:\/\/www.lesamisdelalecture.fr\/nouveausite\/wp-json\/wp\/v2\/posts\/20789\/revisions"}],"wp:featuredmedia":[{"embeddable":true,"href":"http:\/\/www.lesamisdelalecture.fr\/nouveausite\/wp-json\/wp\/v2\/media\/20790"}],"wp:attachment":[{"href":"http:\/\/www.lesamisdelalecture.fr\/nouveausite\/wp-json\/wp\/v2\/media?parent=20789"}],"wp:term":[{"taxonomy":"category","embeddable":true,"href":"http:\/\/www.lesamisdelalecture.fr\/nouveausite\/wp-json\/wp\/v2\/categories?post=20789"},{"taxonomy":"post_tag","embeddable":true,"href":"http:\/\/www.lesamisdelalecture.fr\/nouveausite\/wp-json\/wp\/v2\/tags?post=20789"}],"curies":[{"name":"wp","href":"https:\/\/api.w.org\/{rel}","templated":true}]}}