{"id":20711,"date":"2022-10-30T19:13:48","date_gmt":"2022-10-30T18:13:48","guid":{"rendered":"http:\/\/www.lesamisdelalecture.fr\/nouveausite\/?p=20711"},"modified":"2022-10-30T19:13:49","modified_gmt":"2022-10-30T18:13:49","slug":"expo-photographies-de-didier-lidouren","status":"publish","type":"post","link":"http:\/\/www.lesamisdelalecture.fr\/nouveausite\/expo-photographies-de-didier-lidouren\/","title":{"rendered":"Expo, photographies de Didier Lidouren"},"content":{"rendered":"\n<p>La biblioth\u00e8que propose une nouvelle exposition dans ses locaux.<\/p>\n\n\n\n<p>Venez voir les <strong>photographies de Didier Lidouren<\/strong>, son univers intimiste et reposant.<\/p>\n\n\n\n<p>Cette exposition aura lieu <strong>entre le 2 novembre 2022 et le 03 janvier 2023<\/strong> aux horaires habituels de la biblioth\u00e8que (mercredi matin de 10h \u00e0 12h et samedi matin de 10h \u00e0 12h30).<\/p>\n\n\n\n<p>Le vernissage de l&rsquo;exposition est le mercredi 2 novembre \u00e0 11h.<\/p>\n\n\n\n<figure class=\"wp-block-image size-full\"><a href=\"http:\/\/www.lesamisdelalecture.fr\/nouveausite\/wp-content\/uploads\/2022\/10\/450-affiche-didier-lidouren.jpg\"><img loading=\"lazy\" decoding=\"async\" width=\"450\" height=\"617\" src=\"http:\/\/www.lesamisdelalecture.fr\/nouveausite\/wp-content\/uploads\/2022\/10\/450-affiche-didier-lidouren.jpg\" alt=\"\" class=\"wp-image-20712\" srcset=\"http:\/\/www.lesamisdelalecture.fr\/nouveausite\/wp-content\/uploads\/2022\/10\/450-affiche-didier-lidouren.jpg 450w, http:\/\/www.lesamisdelalecture.fr\/nouveausite\/wp-content\/uploads\/2022\/10\/450-affiche-didier-lidouren-219x300.jpg 219w\" sizes=\"auto, (max-width: 450px) 100vw, 450px\" \/><\/a><\/figure>\n","protected":false},"excerpt":{"rendered":"<p>Exposition photos de Didier Lidouren du 2 novembre 2022 au 3 janvier 2023<\/p>\n","protected":false},"author":1,"featured_media":20713,"comment_status":"closed","ping_status":"open","sticky":false,"template":"","format":"standard","meta":{"footnotes":""},"categories":[2,11],"tags":[],"class_list":["post-20711","post","type-post","status-publish","format-standard","has-post-thumbnail","hentry","category-actualites","category-expositions"],"_links":{"self":[{"href":"http:\/\/www.lesamisdelalecture.fr\/nouveausite\/wp-json\/wp\/v2\/posts\/20711","targetHints":{"allow":["GET"]}}],"collection":[{"href":"http:\/\/www.lesamisdelalecture.fr\/nouveausite\/wp-json\/wp\/v2\/posts"}],"about":[{"href":"http:\/\/www.lesamisdelalecture.fr\/nouveausite\/wp-json\/wp\/v2\/types\/post"}],"author":[{"embeddable":true,"href":"http:\/\/www.lesamisdelalecture.fr\/nouveausite\/wp-json\/wp\/v2\/users\/1"}],"replies":[{"embeddable":true,"href":"http:\/\/www.lesamisdelalecture.fr\/nouveausite\/wp-json\/wp\/v2\/comments?post=20711"}],"version-history":[{"count":0,"href":"http:\/\/www.lesamisdelalecture.fr\/nouveausite\/wp-json\/wp\/v2\/posts\/20711\/revisions"}],"wp:featuredmedia":[{"embeddable":true,"href":"http:\/\/www.lesamisdelalecture.fr\/nouveausite\/wp-json\/wp\/v2\/media\/20713"}],"wp:attachment":[{"href":"http:\/\/www.lesamisdelalecture.fr\/nouveausite\/wp-json\/wp\/v2\/media?parent=20711"}],"wp:term":[{"taxonomy":"category","embeddable":true,"href":"http:\/\/www.lesamisdelalecture.fr\/nouveausite\/wp-json\/wp\/v2\/categories?post=20711"},{"taxonomy":"post_tag","embeddable":true,"href":"http:\/\/www.lesamisdelalecture.fr\/nouveausite\/wp-json\/wp\/v2\/tags?post=20711"}],"curies":[{"name":"wp","href":"https:\/\/api.w.org\/{rel}","templated":true}]}}