{"id":20655,"date":"2022-06-28T10:40:58","date_gmt":"2022-06-28T09:40:58","guid":{"rendered":"http:\/\/www.lesamisdelalecture.fr\/nouveausite\/?p=20655"},"modified":"2022-07-07T22:16:59","modified_gmt":"2022-07-07T21:16:59","slug":"expo-peinture-patrik-delabi-du-9-juillet-au-3-septembre-2022","status":"publish","type":"post","link":"http:\/\/www.lesamisdelalecture.fr\/nouveausite\/expo-peinture-patrik-delabi-du-9-juillet-au-3-septembre-2022\/","title":{"rendered":"Expo peinture Patrik Delabi du 9 juillet au 3 septembre 2022"},"content":{"rendered":"\n<p>Dans les locaux de la biblioth\u00e8que.<\/p>\n\n\n\n<p>Vernissage : samedi 9 juillet \u00e0 11h<\/p>\n\n\n\n<p><em>[\u2026]<br>Je peins sur du carton, \u00e0 plat sur une table. Ce qui me permet de m\u00e9langer ce gras, ces encres d&rsquo;imprimerie et ces huiles, ou d\u2019en enlever un max en frottant fort. Comme l&rsquo;envie vient.<br>Quand une confusion encourageante devient visible, je suspends le futur tableau en face d\u2019un fauteuil. Assis tranquille, je laisse couler le temps.<br>J\u2019enclenche un processus qui m\u2019invite \u00e0 entrer dans une histoire, \u00e0 suivre des courbes, des formes souvent \u00e0 peine esquiss\u00e9es.<br>En gros, je commence \u00e0 d\u00e9lirer. Avec ce qui se d\u00e9gage, ma pens\u00e9e essaie d\u2019imaginer une image finie, si c\u2019est possible, ou au moins un d\u00e9but prometteur qui pourra m\u2019amener quelque part.<br>Une alchimie se cr\u00e9e entre ces gestes improvis\u00e9s et mon cerveau. Je sors des limbes un sujet.<br>[\u2026]<br>\u00c0 partir du moment o\u00f9 le th\u00e8me me touche et me tient, je mets tout en \u0153uvre pour lui. Et l\u00e0 c\u2019est long.<br>Petite touche par petite touche j\u2019enl\u00e8ve, je d\u00e9toure, j\u2019affine, je le rends visible aux yeux du monde. Je pratique la d\u00e9peinture.<\/em><\/p>\n\n\n\n<p>Patrick Delabi<\/p>\n\n\n\n<p>Voici le lien vers le site de Patrik :\u00a0<a href=\"https:\/\/patriktablo.wixsite.com\/tableaux-posters\" target=\"_blank\" rel=\"noreferrer noopener\">https:\/\/patriktablo.wixsite.com\/tableaux-posters<\/a><br>Si vous souhaitez \u00e9crire \u00e0 Patrik, son adresse mail est :<a href=\"mailto:patriktablo@protonmail.com\" target=\"_blank\" rel=\"noreferrer noopener\">patriktablo<\/a><a href=\"mailto:patriktablo@protonmail.com\">@protonmail.com<\/a><\/p>\n\n\n\n<figure class=\"wp-block-image size-full\"><a href=\"http:\/\/www.lesamisdelalecture.fr\/nouveausite\/wp-content\/uploads\/2022\/06\/450-affiche-patrik-delabi.jpg\"><img loading=\"lazy\" decoding=\"async\" width=\"450\" height=\"640\" src=\"http:\/\/www.lesamisdelalecture.fr\/nouveausite\/wp-content\/uploads\/2022\/06\/450-affiche-patrik-delabi.jpg\" alt=\"\" class=\"wp-image-20656\" srcset=\"http:\/\/www.lesamisdelalecture.fr\/nouveausite\/wp-content\/uploads\/2022\/06\/450-affiche-patrik-delabi.jpg 450w, http:\/\/www.lesamisdelalecture.fr\/nouveausite\/wp-content\/uploads\/2022\/06\/450-affiche-patrik-delabi-211x300.jpg 211w\" sizes=\"auto, (max-width: 450px) 100vw, 450px\" \/><\/a><\/figure>\n","protected":false},"excerpt":{"rendered":"<p>Exposition de peintures de Patrick Delabi du 9 juillet au 3 septembre 2022<\/p>\n","protected":false},"author":1,"featured_media":20657,"comment_status":"closed","ping_status":"open","sticky":false,"template":"","format":"standard","meta":{"footnotes":""},"categories":[2,11],"tags":[],"class_list":["post-20655","post","type-post","status-publish","format-standard","has-post-thumbnail","hentry","category-actualites","category-expositions"],"_links":{"self":[{"href":"http:\/\/www.lesamisdelalecture.fr\/nouveausite\/wp-json\/wp\/v2\/posts\/20655","targetHints":{"allow":["GET"]}}],"collection":[{"href":"http:\/\/www.lesamisdelalecture.fr\/nouveausite\/wp-json\/wp\/v2\/posts"}],"about":[{"href":"http:\/\/www.lesamisdelalecture.fr\/nouveausite\/wp-json\/wp\/v2\/types\/post"}],"author":[{"embeddable":true,"href":"http:\/\/www.lesamisdelalecture.fr\/nouveausite\/wp-json\/wp\/v2\/users\/1"}],"replies":[{"embeddable":true,"href":"http:\/\/www.lesamisdelalecture.fr\/nouveausite\/wp-json\/wp\/v2\/comments?post=20655"}],"version-history":[{"count":0,"href":"http:\/\/www.lesamisdelalecture.fr\/nouveausite\/wp-json\/wp\/v2\/posts\/20655\/revisions"}],"wp:featuredmedia":[{"embeddable":true,"href":"http:\/\/www.lesamisdelalecture.fr\/nouveausite\/wp-json\/wp\/v2\/media\/20657"}],"wp:attachment":[{"href":"http:\/\/www.lesamisdelalecture.fr\/nouveausite\/wp-json\/wp\/v2\/media?parent=20655"}],"wp:term":[{"taxonomy":"category","embeddable":true,"href":"http:\/\/www.lesamisdelalecture.fr\/nouveausite\/wp-json\/wp\/v2\/categories?post=20655"},{"taxonomy":"post_tag","embeddable":true,"href":"http:\/\/www.lesamisdelalecture.fr\/nouveausite\/wp-json\/wp\/v2\/tags?post=20655"}],"curies":[{"name":"wp","href":"https:\/\/api.w.org\/{rel}","templated":true}]}}