{"id":20603,"date":"2021-12-29T18:24:25","date_gmt":"2021-12-29T17:24:25","guid":{"rendered":"http:\/\/www.lesamisdelalecture.fr\/nouveausite\/?p=20603"},"modified":"2021-12-29T18:24:26","modified_gmt":"2021-12-29T17:24:26","slug":"guerre-dalgerie-exposition-a-la-mediatheque-daouste","status":"publish","type":"post","link":"http:\/\/www.lesamisdelalecture.fr\/nouveausite\/guerre-dalgerie-exposition-a-la-mediatheque-daouste\/","title":{"rendered":"Guerre d&rsquo;Alg\u00e9rie : exposition \u00e0 la M\u00e9diath\u00e8que d&rsquo;Aouste"},"content":{"rendered":"\n<p><strong>Exposition \u00e0 la M\u00e9diath\u00e8que d&rsquo;Aouste s\/Sye<\/strong><\/p>\n\n\n\n<p><strong>du 6 au 24 janvier 2022<\/strong><\/p>\n\n\n\n<p><strong>GUERRE D&rsquo;ALG\u00c9RIE<\/strong><\/p>\n\n\n\n<p>HISTOIRE COMMUNE, M\u00c9MOIRES PARTAG\u00c9ES ?<\/p>\n\n\n\n<p>L&rsquo;exposition pr\u00e9sente l&rsquo;histoire qui lie la France et l&rsquo;Alg\u00e9rie, divis\u00e9e en trois parties :<\/p>\n\n\n\n<ul class=\"wp-block-list\"><li>1830 \u00e0 1954 de la conqu\u00eate \u00e0 la colonisation.<\/li><li>1954 \u00e0 1962 durant la guerre d\u2019Alg\u00e9rie<\/li><li>L&rsquo;histoire des m\u00e9moires de la guerre d&rsquo;Alg\u00e9rie<\/li><\/ul>\n\n\n\n<p>Elle tend \u00e0 \u00e9voquer la pluralit\u00e9 des parcours et des m\u00e9moires autour d&rsquo;un conflit qui continue \u00e0 susciter de vifs d\u00e9bats.<\/p>\n\n\n\n<figure class=\"wp-block-image size-full\"><a href=\"http:\/\/www.lesamisdelalecture.fr\/nouveausite\/wp-content\/uploads\/2021\/12\/aff-expoGuerreAlgerie-mediatheque-aouste.jpg\"><img loading=\"lazy\" decoding=\"async\" width=\"397\" height=\"495\" src=\"http:\/\/www.lesamisdelalecture.fr\/nouveausite\/wp-content\/uploads\/2021\/12\/aff-expoGuerreAlgerie-mediatheque-aouste.jpg\" alt=\"\" class=\"wp-image-20604\" srcset=\"http:\/\/www.lesamisdelalecture.fr\/nouveausite\/wp-content\/uploads\/2021\/12\/aff-expoGuerreAlgerie-mediatheque-aouste.jpg 397w, http:\/\/www.lesamisdelalecture.fr\/nouveausite\/wp-content\/uploads\/2021\/12\/aff-expoGuerreAlgerie-mediatheque-aouste-241x300.jpg 241w\" sizes=\"auto, (max-width: 397px) 100vw, 397px\" \/><\/a><\/figure>\n","protected":false},"excerpt":{"rendered":"<p>Exposition \u00e0 la M\u00e9diath\u00e8que d&rsquo;Aouste s\/Sye du 6 au 24 janvier 2022<\/p>\n","protected":false},"author":1,"featured_media":20604,"comment_status":"closed","ping_status":"open","sticky":false,"template":"","format":"standard","meta":{"footnotes":""},"categories":[18],"tags":[],"class_list":["post-20603","post","type-post","status-publish","format-standard","has-post-thumbnail","hentry","category-autres-actualites"],"_links":{"self":[{"href":"http:\/\/www.lesamisdelalecture.fr\/nouveausite\/wp-json\/wp\/v2\/posts\/20603","targetHints":{"allow":["GET"]}}],"collection":[{"href":"http:\/\/www.lesamisdelalecture.fr\/nouveausite\/wp-json\/wp\/v2\/posts"}],"about":[{"href":"http:\/\/www.lesamisdelalecture.fr\/nouveausite\/wp-json\/wp\/v2\/types\/post"}],"author":[{"embeddable":true,"href":"http:\/\/www.lesamisdelalecture.fr\/nouveausite\/wp-json\/wp\/v2\/users\/1"}],"replies":[{"embeddable":true,"href":"http:\/\/www.lesamisdelalecture.fr\/nouveausite\/wp-json\/wp\/v2\/comments?post=20603"}],"version-history":[{"count":0,"href":"http:\/\/www.lesamisdelalecture.fr\/nouveausite\/wp-json\/wp\/v2\/posts\/20603\/revisions"}],"wp:featuredmedia":[{"embeddable":true,"href":"http:\/\/www.lesamisdelalecture.fr\/nouveausite\/wp-json\/wp\/v2\/media\/20604"}],"wp:attachment":[{"href":"http:\/\/www.lesamisdelalecture.fr\/nouveausite\/wp-json\/wp\/v2\/media?parent=20603"}],"wp:term":[{"taxonomy":"category","embeddable":true,"href":"http:\/\/www.lesamisdelalecture.fr\/nouveausite\/wp-json\/wp\/v2\/categories?post=20603"},{"taxonomy":"post_tag","embeddable":true,"href":"http:\/\/www.lesamisdelalecture.fr\/nouveausite\/wp-json\/wp\/v2\/tags?post=20603"}],"curies":[{"name":"wp","href":"https:\/\/api.w.org\/{rel}","templated":true}]}}