{"id":20583,"date":"2021-10-03T17:36:55","date_gmt":"2021-10-03T16:36:55","guid":{"rendered":"http:\/\/www.lesamisdelalecture.fr\/nouveausite\/?p=20583"},"modified":"2021-10-03T17:36:57","modified_gmt":"2021-10-03T16:36:57","slug":"autour-de-nos-lectures","status":"publish","type":"post","link":"http:\/\/www.lesamisdelalecture.fr\/nouveausite\/autour-de-nos-lectures\/","title":{"rendered":"AUTOUR DE NOS LECTURES&#8230;"},"content":{"rendered":"\n<p>Venez \u00e0 la biblioth\u00e8que partager vos lectures tout au long de l&rsquo;ann\u00e9e, le 2\u00e8me mardi de chaque mois de 18h \u00e0 19h30.<\/p>\n\n\n\n<p><\/p>\n\n\n\n<p><strong>Mardi 12 octobre 2021<\/strong><\/p>\n\n\n\n<p><br><strong>Auteurs africains<\/strong><br>&#8211; <strong>Le\u00efla Slimani<\/strong>, \u00ab Chanson douce \u00bb. N\u00e9e le 3 octobre 1981 \u00e0 Rabat au Maroc, est une<br>journaliste et femme de lettres franco-marocaine.<br>&#8211; <strong>Imbolo Mbue<\/strong>, n\u00e9e en 1982, est une \u00e9crivaine camerouno-am\u00e9ricaine, originaire de la ville<br>anglophone de Limb\u00e9.<br>&#8211; <strong>Emmanuel Boundz\u00e9ki Dongala<\/strong>, n\u00e9 le 14 juillet 1941 \u00e0 Alindao, est un \u00e9crivain et<br>chimiste de la R\u00e9publique du Congo.<br>&#8211; <strong>Chimamanda Ngozi Adichie<\/strong>, n\u00e9e le 15 septembre 1977, est une \u00e9crivaine nig\u00e9riane,<br>connue \u00e9galement comme militante f\u00e9ministe et femme politique. Elle est originaire d\u2019Abba dans<br>l\u2019\u00c9tat d&rsquo;Anambra, au sud-est du Nigeria. Elle vit entre Lagos et Washington.<br>&#8211; <strong>Osvalde Lewat<\/strong>, n\u00e9e au Cameroun, est photographe d&rsquo;art et r\u00e9alisatrice de films<br>documentaires plusieurs fois prim\u00e9s. Elle vit \u00e0 Paris. Les Aquatiques est son premier roman.<br><\/p>\n\n\n\n<p><strong>Mardi 9 novembre 2021<\/strong><br><\/p>\n\n\n\n<p><strong>Bandes dessin\u00e9es<\/strong><br><strong>Les Vieux Fourneaux<\/strong>, s\u00e9rie fran\u00e7aise sc\u00e9naris\u00e9e par Wilfrid Lupano et dessin\u00e9e par Paul<br>Cauvet. Les aventures de trois septuag\u00e9naires, amis d\u2019enfance\u2026<\/p>\n","protected":false},"excerpt":{"rendered":"<p>Venez \u00e0 la biblioth\u00e8que partager vos lectures tout au long de l&rsquo;ann\u00e9e, le 2\u00e8me mardi de chaque mois de 18h \u00e0 19h30. Mardi 12 octobre 2021 Auteurs africains&#8211; Le\u00efla Slimani, \u00ab Chanson douce \u00bb. N\u00e9e le 3 octobre 1981 \u00e0 Rabat au Maroc, est unejournaliste et femme de lettres franco-marocaine.&#8211; [&hellip;]<\/p>\n","protected":false},"author":1,"featured_media":20584,"comment_status":"closed","ping_status":"open","sticky":false,"template":"","format":"standard","meta":{"footnotes":""},"categories":[2,12],"tags":[],"class_list":["post-20583","post","type-post","status-publish","format-standard","has-post-thumbnail","hentry","category-actualites","category-animations"],"_links":{"self":[{"href":"http:\/\/www.lesamisdelalecture.fr\/nouveausite\/wp-json\/wp\/v2\/posts\/20583","targetHints":{"allow":["GET"]}}],"collection":[{"href":"http:\/\/www.lesamisdelalecture.fr\/nouveausite\/wp-json\/wp\/v2\/posts"}],"about":[{"href":"http:\/\/www.lesamisdelalecture.fr\/nouveausite\/wp-json\/wp\/v2\/types\/post"}],"author":[{"embeddable":true,"href":"http:\/\/www.lesamisdelalecture.fr\/nouveausite\/wp-json\/wp\/v2\/users\/1"}],"replies":[{"embeddable":true,"href":"http:\/\/www.lesamisdelalecture.fr\/nouveausite\/wp-json\/wp\/v2\/comments?post=20583"}],"version-history":[{"count":0,"href":"http:\/\/www.lesamisdelalecture.fr\/nouveausite\/wp-json\/wp\/v2\/posts\/20583\/revisions"}],"wp:featuredmedia":[{"embeddable":true,"href":"http:\/\/www.lesamisdelalecture.fr\/nouveausite\/wp-json\/wp\/v2\/media\/20584"}],"wp:attachment":[{"href":"http:\/\/www.lesamisdelalecture.fr\/nouveausite\/wp-json\/wp\/v2\/media?parent=20583"}],"wp:term":[{"taxonomy":"category","embeddable":true,"href":"http:\/\/www.lesamisdelalecture.fr\/nouveausite\/wp-json\/wp\/v2\/categories?post=20583"},{"taxonomy":"post_tag","embeddable":true,"href":"http:\/\/www.lesamisdelalecture.fr\/nouveausite\/wp-json\/wp\/v2\/tags?post=20583"}],"curies":[{"name":"wp","href":"https:\/\/api.w.org\/{rel}","templated":true}]}}