{"id":1581,"date":"2021-02-02T15:45:51","date_gmt":"2021-02-02T14:45:51","guid":{"rendered":"http:\/\/www.lesamisdelalecture.fr\/nouveausite\/?p=1581"},"modified":"2021-02-02T19:44:32","modified_gmt":"2021-02-02T18:44:32","slug":"expo-land-art-oeuvres-de-marc-pouyet","status":"publish","type":"post","link":"http:\/\/www.lesamisdelalecture.fr\/nouveausite\/expo-land-art-oeuvres-de-marc-pouyet\/","title":{"rendered":"Expo \u00ab\u00a0Land art:  oeuvres de Marc Pouyet\u00a0\u00bb"},"content":{"rendered":"<p>Quel plaisir ! Nous avons de nouveau une exposition dans la biblioth\u00e8que !<br \/>\nVenez d\u00e9couvrir <strong>\u00ab\u00a0Land art: oeuvres de Marc Pouyet\u00a0\u00bb, exposition tout public, compos\u00e9e de 12 photographies jusqu&rsquo;au 9 f\u00e9vrier.<\/strong><br \/>\nMarc Pouyet est graphiste, illustrateur jeunesse, plasticien. Il nous invite \u00e0 utiliser les \u00e9l\u00e9ments naturels pour donner libre cours \u00e0 notre inspiration.<br \/>\nL&rsquo;exposition est accompagn\u00e9e d&rsquo;une trentaine de livres d&rsquo;art, disponibles \u00e0 la consultation et \u00e0 l&#8217;emprunt.<br \/>\nVenez profiter de ce regard po\u00e9tique!<\/p>\n<p><a href=\"http:\/\/www.lesamisdelalecture.fr\/nouveausite\/wp-content\/uploads\/2021\/02\/446-1-Land-art.jpg\"><img loading=\"lazy\" decoding=\"async\" src=\"http:\/\/www.lesamisdelalecture.fr\/nouveausite\/wp-content\/uploads\/2021\/02\/446-1-Land-art.jpg\" alt=\"\" class=\"alignnone size-full wp-image-1582\" width=\"446\" height=\"446\" srcset=\"http:\/\/www.lesamisdelalecture.fr\/nouveausite\/wp-content\/uploads\/2021\/02\/446-1-Land-art.jpg 446w, http:\/\/www.lesamisdelalecture.fr\/nouveausite\/wp-content\/uploads\/2021\/02\/446-1-Land-art-300x300.jpg 300w, http:\/\/www.lesamisdelalecture.fr\/nouveausite\/wp-content\/uploads\/2021\/02\/446-1-Land-art-150x150.jpg 150w\" sizes=\"auto, (max-width: 446px) 100vw, 446px\" \/><\/a><\/p>\n","protected":false},"excerpt":{"rendered":"<p>Quel plaisir ! Nous avons de nouveau une exposition dans la biblioth\u00e8que ! Venez d\u00e9couvrir \u00ab\u00a0Land art: oeuvres de Marc Pouyet\u00a0\u00bb, exposition tout public, compos\u00e9e de 12 photographies jusqu&rsquo;au 9 f\u00e9vrier. Marc Pouyet est graphiste, illustrateur jeunesse, plasticien. Il nous invite \u00e0 utiliser les \u00e9l\u00e9ments naturels pour donner libre cours [&hellip;]<\/p>\n","protected":false},"author":1,"featured_media":1582,"comment_status":"closed","ping_status":"open","sticky":false,"template":"","format":"standard","meta":{"footnotes":""},"categories":[11],"tags":[],"class_list":["post-1581","post","type-post","status-publish","format-standard","has-post-thumbnail","hentry","category-expositions"],"_links":{"self":[{"href":"http:\/\/www.lesamisdelalecture.fr\/nouveausite\/wp-json\/wp\/v2\/posts\/1581","targetHints":{"allow":["GET"]}}],"collection":[{"href":"http:\/\/www.lesamisdelalecture.fr\/nouveausite\/wp-json\/wp\/v2\/posts"}],"about":[{"href":"http:\/\/www.lesamisdelalecture.fr\/nouveausite\/wp-json\/wp\/v2\/types\/post"}],"author":[{"embeddable":true,"href":"http:\/\/www.lesamisdelalecture.fr\/nouveausite\/wp-json\/wp\/v2\/users\/1"}],"replies":[{"embeddable":true,"href":"http:\/\/www.lesamisdelalecture.fr\/nouveausite\/wp-json\/wp\/v2\/comments?post=1581"}],"version-history":[{"count":0,"href":"http:\/\/www.lesamisdelalecture.fr\/nouveausite\/wp-json\/wp\/v2\/posts\/1581\/revisions"}],"wp:featuredmedia":[{"embeddable":true,"href":"http:\/\/www.lesamisdelalecture.fr\/nouveausite\/wp-json\/wp\/v2\/media\/1582"}],"wp:attachment":[{"href":"http:\/\/www.lesamisdelalecture.fr\/nouveausite\/wp-json\/wp\/v2\/media?parent=1581"}],"wp:term":[{"taxonomy":"category","embeddable":true,"href":"http:\/\/www.lesamisdelalecture.fr\/nouveausite\/wp-json\/wp\/v2\/categories?post=1581"},{"taxonomy":"post_tag","embeddable":true,"href":"http:\/\/www.lesamisdelalecture.fr\/nouveausite\/wp-json\/wp\/v2\/tags?post=1581"}],"curies":[{"name":"wp","href":"https:\/\/api.w.org\/{rel}","templated":true}]}}