{"id":1576,"date":"2021-02-02T15:36:57","date_gmt":"2021-02-02T14:36:57","guid":{"rendered":"http:\/\/www.lesamisdelalecture.fr\/nouveausite\/?p=1576"},"modified":"2021-02-02T15:37:44","modified_gmt":"2021-02-02T14:37:44","slug":"assemblee-generale-samedi-13-fevrier-2021","status":"publish","type":"post","link":"http:\/\/www.lesamisdelalecture.fr\/nouveausite\/assemblee-generale-samedi-13-fevrier-2021\/","title":{"rendered":"Assembl\u00e9e g\u00e9n\u00e9rale &#8211; samedi 13 f\u00e9vrier 2021"},"content":{"rendered":"<p>L&rsquo;assembl\u00e9e g\u00e9n\u00e9rale de l&rsquo;association \u00ab Les amis de la lecture \u00bb se tiendra le<\/p>\n<p><strong>13 f\u00e9vrier 2021 \u00e0 15h, \u00e0 la salle polyvalente<\/strong><\/p>\n<p>Place de la R\u00e9publique \u00e0 Saillans, avec un strict respect des r\u00e8gles anti-Covid<\/p>\n<p>Ordre du jour :<br \/>\n\u2022 Rapport moral et d&rsquo;activit\u00e9 2020<br \/>\n\u2022 Rapport financier 2020<br \/>\n\u2022 Budget 2021<br \/>\n\u2022 Projets 2021<br \/>\n\u2022 Election au CA suite \u00e0 une d\u00e9mission<br \/>\n\u2022 Questions diverses<\/p>\n<p>Adh\u00e9rent.e, si vous ne pouvez pas participer \u00e0 cette assembl\u00e9e g\u00e9n\u00e9rale, vous pouvez<br \/>\nvous faire repr\u00e9senter en donnant ce pouvoir \u00e0 la personne de votre choix.<\/p>\n<p><a href=\"http:\/\/www.lesamisdelalecture.fr\/nouveausite\/wp-content\/uploads\/2021\/02\/616assemblee-generale-posters-livre-ouvert.jpg\"><img loading=\"lazy\" decoding=\"async\" src=\"http:\/\/www.lesamisdelalecture.fr\/nouveausite\/wp-content\/uploads\/2021\/02\/616assemblee-generale-posters-livre-ouvert.jpg\" alt=\"\" width=\"612\" height=\"428\" class=\"alignnone size-full wp-image-1577\" srcset=\"http:\/\/www.lesamisdelalecture.fr\/nouveausite\/wp-content\/uploads\/2021\/02\/616assemblee-generale-posters-livre-ouvert.jpg 612w, http:\/\/www.lesamisdelalecture.fr\/nouveausite\/wp-content\/uploads\/2021\/02\/616assemblee-generale-posters-livre-ouvert-300x210.jpg 300w\" sizes=\"auto, (max-width: 612px) 100vw, 612px\" \/><\/a><\/p>\n","protected":false},"excerpt":{"rendered":"<p>L&rsquo;assembl\u00e9e g\u00e9n\u00e9rale de l&rsquo;association \u00ab Les amis de la lecture \u00bb se tiendra le 13 f\u00e9vrier 2021 \u00e0 15h, \u00e0 la salle polyvalente Place de la R\u00e9publique \u00e0 Saillans, avec un strict respect des r\u00e8gles anti-Covid Ordre du jour : \u2022 Rapport moral et d&rsquo;activit\u00e9 2020 \u2022 Rapport financier 2020 [&hellip;]<\/p>\n","protected":false},"author":1,"featured_media":1577,"comment_status":"closed","ping_status":"open","sticky":false,"template":"","format":"standard","meta":{"footnotes":""},"categories":[2,16],"tags":[],"class_list":["post-1576","post","type-post","status-publish","format-standard","has-post-thumbnail","hentry","category-actualites","category-vie-de-lassociation"],"_links":{"self":[{"href":"http:\/\/www.lesamisdelalecture.fr\/nouveausite\/wp-json\/wp\/v2\/posts\/1576","targetHints":{"allow":["GET"]}}],"collection":[{"href":"http:\/\/www.lesamisdelalecture.fr\/nouveausite\/wp-json\/wp\/v2\/posts"}],"about":[{"href":"http:\/\/www.lesamisdelalecture.fr\/nouveausite\/wp-json\/wp\/v2\/types\/post"}],"author":[{"embeddable":true,"href":"http:\/\/www.lesamisdelalecture.fr\/nouveausite\/wp-json\/wp\/v2\/users\/1"}],"replies":[{"embeddable":true,"href":"http:\/\/www.lesamisdelalecture.fr\/nouveausite\/wp-json\/wp\/v2\/comments?post=1576"}],"version-history":[{"count":0,"href":"http:\/\/www.lesamisdelalecture.fr\/nouveausite\/wp-json\/wp\/v2\/posts\/1576\/revisions"}],"wp:featuredmedia":[{"embeddable":true,"href":"http:\/\/www.lesamisdelalecture.fr\/nouveausite\/wp-json\/wp\/v2\/media\/1577"}],"wp:attachment":[{"href":"http:\/\/www.lesamisdelalecture.fr\/nouveausite\/wp-json\/wp\/v2\/media?parent=1576"}],"wp:term":[{"taxonomy":"category","embeddable":true,"href":"http:\/\/www.lesamisdelalecture.fr\/nouveausite\/wp-json\/wp\/v2\/categories?post=1576"},{"taxonomy":"post_tag","embeddable":true,"href":"http:\/\/www.lesamisdelalecture.fr\/nouveausite\/wp-json\/wp\/v2\/tags?post=1576"}],"curies":[{"name":"wp","href":"https:\/\/api.w.org\/{rel}","templated":true}]}}