{"id":15729,"date":"2021-07-01T22:04:18","date_gmt":"2021-07-01T21:04:18","guid":{"rendered":"http:\/\/www.lesamisdelalecture.fr\/nouveausite\/?p=15729"},"modified":"2021-07-01T22:08:32","modified_gmt":"2021-07-01T21:08:32","slug":"expo-peinture-arnelle-chanel","status":"publish","type":"post","link":"http:\/\/www.lesamisdelalecture.fr\/nouveausite\/expo-peinture-arnelle-chanel\/","title":{"rendered":"Expo peinture Arlette Chanel"},"content":{"rendered":"\n<p><strong>Du 3 juillet au 4 septembre 2021.<\/strong><\/p>\n\n\n\n<p><strong>Vernissage le samedi 10 juillet \u00e0 11h dans les locaux de la Biblioth\u00e8que.<\/strong><\/p>\n\n\n\n<p><strong><em>Arlette Chanel donne \u00e0 voir<\/em><\/strong><\/p>\n\n\n\n<p>Pr\u00e9senter les peintures d&rsquo;Arlette Chanel est un r\u00e9el plaisir.<br>Elle comprend de mieux en mieux la peinture \u00e0 l&rsquo;huile.<br>Ce long apprentissage qui est le sien, lui permet de se promener dans son propre tableau et d&rsquo;\u00e9crire l&rsquo;indicible avec un choix de tons issus d&rsquo;une riche palette.<br>Cette libert\u00e9 arrive lorsque l&rsquo;on a appris la technique et qu&rsquo;on l&rsquo;oublie au profit d&rsquo;une \u00e9criture de soi-m\u00eame.<br><em>\u00ab\u00a0Dans la bonne peinture il y a un certain silence, une certaine tension, un certain c\u00f4t\u00e9 l\u00e2ch\u00e9, un certain c\u00f4t\u00e9 accentu\u00e9.\u00a0\u00bb<\/em><br>Ces paroles du peintre Zao Wouki d\u00e9crivent la d\u00e9marche entreprise par Arlette Chanel.<br>Du figuratif tr\u00e8s r\u00e9aliste, en passant par les constructions g\u00e9om\u00e9triques en mouvement le peintre est arriv\u00e9 dans le monde de l&rsquo;abstraction en structurant l&rsquo;espace de la toile par des plans color\u00e9s. Les sensations du peintre s&rsquo;inscrivent maintenant en priorit\u00e9 dans sa vision rel\u00e9guant la \u00ab\u00a0r\u00e9alit\u00e9\u00a0\u00bb au second plan.<br>Abandonner le figuratif permet d&rsquo;exprimer des sentiments enfouis au plus profond de soi et de faire \u00e9merger l&rsquo;univers que l&rsquo;on nourrit dans l&rsquo;intimit\u00e9.<br>Arlette Chanel avance pas \u00e0 pas dans la qu\u00eate de sa \u00ab\u00a0R\u00e9alit\u00e9 po\u00e9tique\u00a0\u00bb qui sugg\u00e8re \u00e9tonnement et engouement.<br>Merci de nous faire confiance et de nous offrir ce cheminement.<\/p>\n\n\n\n<p><em>Margie No\u00eblle Brugerolle de l&rsquo;Atelier Bleu<\/em><\/p>\n\n\n\n<figure class=\"wp-block-image size-large\"><a href=\"http:\/\/www.lesamisdelalecture.fr\/nouveausite\/wp-content\/uploads\/2021\/07\/450arlette-chanel.jpg\"><img loading=\"lazy\" decoding=\"async\" width=\"450\" height=\"495\" src=\"http:\/\/www.lesamisdelalecture.fr\/nouveausite\/wp-content\/uploads\/2021\/07\/450arlette-chanel.jpg\" alt=\"arlette Chanel\" class=\"wp-image-15730\" srcset=\"http:\/\/www.lesamisdelalecture.fr\/nouveausite\/wp-content\/uploads\/2021\/07\/450arlette-chanel.jpg 450w, http:\/\/www.lesamisdelalecture.fr\/nouveausite\/wp-content\/uploads\/2021\/07\/450arlette-chanel-273x300.jpg 273w\" sizes=\"auto, (max-width: 450px) 100vw, 450px\" \/><\/a><\/figure>\n","protected":false},"excerpt":{"rendered":"<p>Du 3 juillet au 4 septembre 2021. Vernissage le samedi 10 juillet \u00e0 11h dans les locaux de la Biblioth\u00e8que. Arlette Chanel donne \u00e0 voir Pr\u00e9senter les peintures d&rsquo;Arlette Chanel est un r\u00e9el plaisir.Elle comprend de mieux en mieux la peinture \u00e0 l&rsquo;huile.Ce long apprentissage qui est le sien, lui [&hellip;]<\/p>\n","protected":false},"author":1,"featured_media":15730,"comment_status":"closed","ping_status":"open","sticky":false,"template":"","format":"standard","meta":{"footnotes":""},"categories":[2,11],"tags":[],"class_list":["post-15729","post","type-post","status-publish","format-standard","has-post-thumbnail","hentry","category-actualites","category-expositions"],"_links":{"self":[{"href":"http:\/\/www.lesamisdelalecture.fr\/nouveausite\/wp-json\/wp\/v2\/posts\/15729","targetHints":{"allow":["GET"]}}],"collection":[{"href":"http:\/\/www.lesamisdelalecture.fr\/nouveausite\/wp-json\/wp\/v2\/posts"}],"about":[{"href":"http:\/\/www.lesamisdelalecture.fr\/nouveausite\/wp-json\/wp\/v2\/types\/post"}],"author":[{"embeddable":true,"href":"http:\/\/www.lesamisdelalecture.fr\/nouveausite\/wp-json\/wp\/v2\/users\/1"}],"replies":[{"embeddable":true,"href":"http:\/\/www.lesamisdelalecture.fr\/nouveausite\/wp-json\/wp\/v2\/comments?post=15729"}],"version-history":[{"count":0,"href":"http:\/\/www.lesamisdelalecture.fr\/nouveausite\/wp-json\/wp\/v2\/posts\/15729\/revisions"}],"wp:featuredmedia":[{"embeddable":true,"href":"http:\/\/www.lesamisdelalecture.fr\/nouveausite\/wp-json\/wp\/v2\/media\/15730"}],"wp:attachment":[{"href":"http:\/\/www.lesamisdelalecture.fr\/nouveausite\/wp-json\/wp\/v2\/media?parent=15729"}],"wp:term":[{"taxonomy":"category","embeddable":true,"href":"http:\/\/www.lesamisdelalecture.fr\/nouveausite\/wp-json\/wp\/v2\/categories?post=15729"},{"taxonomy":"post_tag","embeddable":true,"href":"http:\/\/www.lesamisdelalecture.fr\/nouveausite\/wp-json\/wp\/v2\/tags?post=15729"}],"curies":[{"name":"wp","href":"https:\/\/api.w.org\/{rel}","templated":true}]}}